{"id":6670,"date":"2022-11-01T08:47:30","date_gmt":"2022-11-01T11:47:30","guid":{"rendered":"http:\/\/correiodoestadobahia.com.br\/?p=6670"},"modified":"2022-11-01T08:58:16","modified_gmt":"2022-11-01T11:58:16","slug":"caminhoneiros-fecham-trecho-da-br-101-em-teixeira-de-freitas-contra-resultado-das-urnas-apos-derrota-de-bolsonaro","status":"publish","type":"post","link":"https:\/\/correiodoestadobahia.com.br\/?p=6670","title":{"rendered":"Caminhoneiros fecham trecho da BR-101 em Teixeira de Freitas contra resultado das urnas ap\u00f3s derrota de Bolsonaro"},"content":{"rendered":"\n<p>Caminhoneiros bolsonaristas protestam na manh\u00e3 desta ter\u00e7a-feira (1\u00b0), na BR-101, em Teixeira de Freitas, no sul da Bahia. Os manifestantes s\u00e3o contra a vit\u00f3ria de Luiz In\u00e1cio Lula da Silva nas elei\u00e7\u00f5es presidenciais de domingo (30). Protestos do mesmo tipo acontecem em diversas cidades brasileiras.<\/p>\n\n\n\n<p>Segundo a Pol\u00edcia Rodovi\u00e1ria Federal (PRF) , a Bahia registrou 11 trechos de rodovias com bloqueios por causa de manifesta\u00e7\u00f5es entre segunda-feira (31) e a manh\u00e3 desta ter\u00e7a (1\u00b0).<\/p>\n\n\n\n<p>No boletim divulgado no in\u00edcio da manh\u00e3 desta ter\u00e7a-feira, a PRF informou que o protesto em Teixeira de Freitas acontece no km 875.<\/p>\n\n\n\n<p>Outro bloqueio acontece na cidade de Itabela, tamb\u00e9m no sul da Bahia. A interdi\u00e7\u00e3o total da pista foi causada por queima de res\u00edduos durante um protesto no km 744 da BR-101.<\/p>\n\n\n\n<p>Segundo a PRF, a manifesta\u00e7\u00e3o come\u00e7ou por volta das 22h e terminou \u00e0s 2h5. No entanto, a pista ainda n\u00e3o foi liberada por causa da areia e barro deixados no local.<\/p>\n\n\n\n<p>Segundo a PRF, outros nove protestos nas regi\u00f5es de Lu\u00eds Eduardo Magalh\u00e3es, Correntina, Feira de Santana, Mucuri, Vit\u00f3ria da Conquista, Barreiras e Jacobina j\u00e1 haviam sido finalizados at\u00e9 \u00e0s 4h39 desta ter\u00e7a e as pistas liberadas nesses trechos.<\/p>\n\n\n\n<p>Ainda na noite desta segunda-feira (31), o presidente do Tribunal Superior Eleitoral (TSE), ministro Alexandre de Moraes, determinou que a Pol\u00edcia Rodovi\u00e1ria Federal e as pol\u00edcias militares dos estados tomem a\u00e7\u00f5es imediatas para desobstru\u00e7\u00e3o de vias ocupadas ilegalmente.<\/p>\n\n\n\n<p>Moraes atendeu a um pedido da Confedera\u00e7\u00e3o Nacional dos Transportes e do vice-procurador geral eleitoral.<\/p>\n\n\n\n<p><strong>Veja os pontos de interdi\u00e7\u00e3o nas rodovias baianas:<\/strong><\/p>\n\n\n\n<p>No km 875 da BR-101, Teixeira de Freitas, no sul da Bahia, ocorre a interdi\u00e7\u00e3o total da pista por causa de um protesto em andamento. Agentes da PRF negociam a libera\u00e7\u00e3o da pista.<\/p>\n\n\n\n<p>No km 744 da BR-101, em Itabela, no extremo sul da Bahia, ocorre a interdi\u00e7\u00e3o total da pista causada por queima de res\u00edduos na rodovia. A manifesta\u00e7\u00e3o terminou por volta das 2h5 desta ter\u00e7a e a pista est\u00e1 parcialmente obstru\u00edda por causa da areia e barro deixados no local.<\/p>\n\n\n\n<p><strong>Veja os pontos j\u00e1 liberados nas rodovias baianas:<\/strong><\/p>\n\n\n\n<p>Em Lu\u00eds Eduardo Magalh\u00e3es, na BR-020, km 205, ocorreu uma interdi\u00e7\u00e3o parcial, em ambos os sentidos da via. Congestionamento chegou aproximadamente 3 km para cada sentido da via. A passagem foi permitida para \u00f4nibus, vans, autom\u00f3veis e cargas perec\u00edveis. A pista foi totalmente liberada \u00e0s 20h05.<br>Em Mucuri, na BR -101, km 935, ocorreu interdi\u00e7\u00e3o total da pista. A pista foi totalmente liberada \u00e0s 19h15.<br>Em Vit\u00f3ria da Conquista, na BR-116, km 817, ocorreu uma interdi\u00e7\u00e3o total. A pista foi totalmente liberada \u00e0s 21h09.<br>Em Barreiras, no Trevo de Angical, na BR-242, km 788, ocorreu a interdi\u00e7\u00e3o total de pista. A pista foi totalmente liberada \u00e0s 20h15.<br>Em Correntina, na diviSa entre a Bahia e Goi\u00e1s, na BR-020, km 0, ocorreu a interdi\u00e7\u00e3o total da pista. A pista foi liberada \u00e0s 1h45.<br>Em Feira de Santana, na BR-116, km 422, ocorreu a interdi\u00e7\u00e3o total da pista. A pista foi totalmente liberada, \u00e0s 3h.<br>Em Barreiras, na BR-242, km 787, ocorreu a interdi\u00e7\u00e3o total da pista. A pista foi totalmente liberada \u00e0s 23h15.<br>Em Vit\u00f3ria da Conquista, na BR-116, km 28, ocorreu uma interdi\u00e7\u00e3o total. A pista totalmente liberada \u00e0s 21h38.<br>Em Jacobina, na BR-324, km 300, ocorreu a interdi\u00e7\u00e3o total da via. A pista totalmente liberada \u00e0s 4h39.Manifestantes liberam pista na BR-020, em Luis Eduardo Magalh\u00e3es<\/p>\n\n\n\n<figure class=\"wp-block-image\"><img src=\"https:\/\/blogger.googleusercontent.com\/img\/b\/R29vZ2xl\/AVvXsEj4aevjbVmw8wVyY05bmGjN_irkpinKmTu_7afewM7crUnxs0gkuRe4X-1-KQur2s390aHEWtjhtIexDDBmWG76-BFsoAPahWRFFFYNdNSVEAmXBYXMl_jJaIugIzcuGObT7QqhzX0YpGhlixrG5MpEece0fVMo9ErATuSkoiWkxSP_IicY6zA4t6ar\/w567-h255\/protesto03%20(1).webp\" alt=\"\"\/><\/figure>\n","protected":false},"excerpt":{"rendered":"<div class=\"mh-excerpt\"><p>Caminhoneiros bolsonaristas protestam na manh\u00e3 desta ter\u00e7a-feira (1\u00b0), na BR-101, em Teixeira de Freitas, no sul da Bahia. Os manifestantes s\u00e3o contra a vit\u00f3ria de <a class=\"mh-excerpt-more\" href=\"https:\/\/correiodoestadobahia.com.br\/?p=6670\" title=\"Caminhoneiros fecham trecho da BR-101 em Teixeira de Freitas contra resultado das urnas ap\u00f3s derrota de Bolsonaro\">[&#8230;]<\/a><\/p>\n<\/div>","protected":false},"author":1,"featured_media":6671,"comment_status":"open","ping_status":"open","sticky":false,"template":"","format":"standard","meta":[],"categories":[7],"tags":[],"jetpack_featured_media_url":"https:\/\/correiodoestadobahia.com.br\/wp-content\/uploads\/2022\/11\/txcami.jpg","_links":{"self":[{"href":"https:\/\/correiodoestadobahia.com.br\/index.php?rest_route=\/wp\/v2\/posts\/6670"}],"collection":[{"href":"https:\/\/correiodoestadobahia.com.br\/index.php?rest_route=\/wp\/v2\/posts"}],"about":[{"href":"https:\/\/correiodoestadobahia.com.br\/index.php?rest_route=\/wp\/v2\/types\/post"}],"author":[{"embeddable":true,"href":"https:\/\/correiodoestadobahia.com.br\/index.php?rest_route=\/wp\/v2\/users\/1"}],"replies":[{"embeddable":true,"href":"https:\/\/correiodoestadobahia.com.br\/index.php?rest_route=%2Fwp%2Fv2%2Fcomments&post=6670"}],"version-history":[{"count":2,"href":"https:\/\/correiodoestadobahia.com.br\/index.php?rest_route=\/wp\/v2\/posts\/6670\/revisions"}],"predecessor-version":[{"id":6677,"href":"https:\/\/correiodoestadobahia.com.br\/index.php?rest_route=\/wp\/v2\/posts\/6670\/revisions\/6677"}],"wp:featuredmedia":[{"embeddable":true,"href":"https:\/\/correiodoestadobahia.com.br\/index.php?rest_route=\/wp\/v2\/media\/6671"}],"wp:attachment":[{"href":"https:\/\/correiodoestadobahia.com.br\/index.php?rest_route=%2Fwp%2Fv2%2Fmedia&parent=6670"}],"wp:term":[{"taxonomy":"category","embeddable":true,"href":"https:\/\/correiodoestadobahia.com.br\/index.php?rest_route=%2Fwp%2Fv2%2Fcategories&post=6670"},{"taxonomy":"post_tag","embeddable":true,"href":"https:\/\/correiodoestadobahia.com.br\/index.php?rest_route=%2Fwp%2Fv2%2Ftags&post=6670"}],"curies":[{"name":"wp","href":"https:\/\/api.w.org\/{rel}","templated":true}]}}