{"id":6625,"date":"2022-10-28T09:01:00","date_gmt":"2022-10-28T12:01:00","guid":{"rendered":"http:\/\/correiodoestadobahia.com.br\/?p=6625"},"modified":"2022-10-28T09:06:36","modified_gmt":"2022-10-28T12:06:36","slug":"sem-jeronimo-neto-cutuca-ausencia-de-petista-apresenta-propostas-a-eleitor-e-promete-secretariado-tecnico","status":"publish","type":"post","link":"https:\/\/correiodoestadobahia.com.br\/?p=6625","title":{"rendered":"Sem Jer\u00f4nimo, Neto cutuca aus\u00eancia de petista, apresenta propostas a eleitor e promete secretariado t\u00e9cnico"},"content":{"rendered":"\n<p>Mesmo com a aus\u00eancia de Jer\u00f4nimo Rodrigues (PT) no debate que foi protagonizado pela TV Bahia, ACM Neto, candidato ao governo do Estado pelo Uni\u00e3o Brasil, iniciou a sua participa\u00e7\u00e3o na emissora com duas perguntas que seriam feitas ao petista.<\/p>\n\n\n\n<p>Em sua primeira fala, o ex-prefeito de Salvador questionou a Jer\u00f4nimo \u2013 n\u00e3o presente \u2013 sobre o seu desempenho como secret\u00e1rio estadual da Educa\u00e7\u00e3o. Na sequ\u00eancia, ele indagou como o postulante do PT governaria, se eleito, caso o presidente escolhido no pr\u00f3ximo domingo n\u00e3o fosse Lula (PT).<\/p>\n\n\n\n<p>Neto teve 30 minutos \u00e0 disposi\u00e7\u00e3o e pode responder sobre propostas para a regula\u00e7\u00e3o da Sa\u00fade, Empregabilidade, Qualidade na Educa\u00e7\u00e3o e Seguran\u00e7a P\u00fablica.<\/p>\n\n\n\n<p>Neste \u00faltimo tema, por exemplo, Neto deixou claro que n\u00e3o \u00e9 o momento de discutir c\u00e2meras no fardamento dos policiais. A prioridade, segundo ele, seria buscar melhorias \u00e0s for\u00e7as de seguran\u00e7a contra a criminalidade. Ao longo da sua entrevista, o candidato n\u00e3o poupou cr\u00edticas em rela\u00e7\u00e3o \u00e0 decis\u00e3o de Jer\u00f4nimo em n\u00e3o participar deste e de nenhum outro debate realizado no segundo turno. Neto respondeu ainda sobre o perfil de um poss\u00edvel secretariado:<\/p>\n\n\n\n<p>\u201cUm secretariado mais t\u00e9cnico. Assim fiz em Salvador quando fui prefeito. Nunca tive problema de conciliar a pol\u00edtica com a t\u00e9cnica. Escolhi os melhores quadros. Diferente do meu advers\u00e1rio, que tem uma s\u00e9rie de companheiros pol\u00edticos do partido dele para empregar\u201d.<\/p>\n\n\n\n<p>Em suas considera\u00e7\u00f5es finais, Neto agradeceu os eleitores: \u201cAgrade\u00e7o a voc\u00ea que votou em mim j\u00e1 no primeiro turno e a voc\u00ea que j\u00e1 est\u00e1 conosco neste segundo turno\u201d. \u201cE voc\u00ea que ainda n\u00e3o decidiu pe\u00e7o aten\u00e7\u00e3o nesses \u00faltimos dias\u201d, solicitou. <\/p>\n\n\n\n<figure class=\"wp-block-image\"><img src=\"https:\/\/blogger.googleusercontent.com\/img\/a\/AVvXsEhPyrL-IZkJd7cZmPHO4z8boQVxhYPhRgq9pGB-_yHlybYMmyBZDVA8HvQh2_UHajTrkzl6dkJuIGzqMsLONF90n6oaUWit8aOMiYWpZN3spA3yy-9jML2e5Dnh6q_SAheB46KNzHMJbAPejfTQbJio-nLoZ473JHeOrYWlMqXxfFQk4WP198Y-O_72vA=w557-h371\" alt=\"\"\/><\/figure>\n\n\n\n<p>*Informa\u00e7\u00f5es do Pol\u00edtica Livre<\/p>\n","protected":false},"excerpt":{"rendered":"<div class=\"mh-excerpt\"><p>Mesmo com a aus\u00eancia de Jer\u00f4nimo Rodrigues (PT) no debate que foi protagonizado pela TV Bahia, ACM Neto, candidato ao governo do Estado pelo Uni\u00e3o <a class=\"mh-excerpt-more\" href=\"https:\/\/correiodoestadobahia.com.br\/?p=6625\" title=\"Sem Jer\u00f4nimo, Neto cutuca aus\u00eancia de petista, apresenta propostas a eleitor e promete secretariado t\u00e9cnico\">[&#8230;]<\/a><\/p>\n<\/div>","protected":false},"author":1,"featured_media":3666,"comment_status":"open","ping_status":"open","sticky":false,"template":"","format":"standard","meta":[],"categories":[7],"tags":[],"jetpack_featured_media_url":"https:\/\/correiodoestadobahia.com.br\/wp-content\/uploads\/2021\/12\/acm-neto-21042021214845003.jpeg","_links":{"self":[{"href":"https:\/\/correiodoestadobahia.com.br\/index.php?rest_route=\/wp\/v2\/posts\/6625"}],"collection":[{"href":"https:\/\/correiodoestadobahia.com.br\/index.php?rest_route=\/wp\/v2\/posts"}],"about":[{"href":"https:\/\/correiodoestadobahia.com.br\/index.php?rest_route=\/wp\/v2\/types\/post"}],"author":[{"embeddable":true,"href":"https:\/\/correiodoestadobahia.com.br\/index.php?rest_route=\/wp\/v2\/users\/1"}],"replies":[{"embeddable":true,"href":"https:\/\/correiodoestadobahia.com.br\/index.php?rest_route=%2Fwp%2Fv2%2Fcomments&post=6625"}],"version-history":[{"count":2,"href":"https:\/\/correiodoestadobahia.com.br\/index.php?rest_route=\/wp\/v2\/posts\/6625\/revisions"}],"predecessor-version":[{"id":6628,"href":"https:\/\/correiodoestadobahia.com.br\/index.php?rest_route=\/wp\/v2\/posts\/6625\/revisions\/6628"}],"wp:featuredmedia":[{"embeddable":true,"href":"https:\/\/correiodoestadobahia.com.br\/index.php?rest_route=\/wp\/v2\/media\/3666"}],"wp:attachment":[{"href":"https:\/\/correiodoestadobahia.com.br\/index.php?rest_route=%2Fwp%2Fv2%2Fmedia&parent=6625"}],"wp:term":[{"taxonomy":"category","embeddable":true,"href":"https:\/\/correiodoestadobahia.com.br\/index.php?rest_route=%2Fwp%2Fv2%2Fcategories&post=6625"},{"taxonomy":"post_tag","embeddable":true,"href":"https:\/\/correiodoestadobahia.com.br\/index.php?rest_route=%2Fwp%2Fv2%2Ftags&post=6625"}],"curies":[{"name":"wp","href":"https:\/\/api.w.org\/{rel}","templated":true}]}}