{"id":19017,"date":"2026-09-03T21:21:28","date_gmt":"2026-09-04T00:21:28","guid":{"rendered":"http:\/\/correiodoestadobahia.com.br\/?p=19017"},"modified":"2026-09-03T21:21:29","modified_gmt":"2026-09-04T00:21:29","slug":"vereadores-debatem-problemas-na-coleta-publica-de-lixo-e-tramitam-pl-do-refis-2026","status":"publish","type":"post","link":"https:\/\/correiodoestadobahia.com.br\/?p=19017","title":{"rendered":"Vereadores debatem problemas na coleta p\u00fablica de lixo e tramitam PL do REFIS 2026"},"content":{"rendered":"\n<p><em>Reuni\u00e3o aconteceu na manh\u00e3 desta ter\u00e7a-feira (1\u00ba), no Plen\u00e1rio&nbsp;Francist\u00f4nio&nbsp;Alves Pinto, e contou com a tramita\u00e7\u00e3o de cinco projetos de lei, sendo dois de autoria do Legislativo e tr\u00eas do Executivo<\/em><\/p>\n\n\n\n<p>A C\u00e2mara Municipal de Teixeira de Freitas realizou, na manh\u00e3 desta ter\u00e7a-feira (1\u00ba), mais uma sess\u00e3o ordin\u00e1ria no Plen\u00e1rio Francist\u00f4nio Alves Pinto. A reuni\u00e3o foi conduzida pelo vereador e vice-presidente da Casa Legislativa, Joris Bento Xavier, o Joris de Gel, e reuniu os parlamentares para discutir pautas de interesse da popula\u00e7\u00e3o e apresentar novas propostas voltadas ao desenvolvimento do munic\u00edpio.<\/p>\n\n\n\n<p>Durante os trabalhos, os vereadores utilizaram a tribuna para abordar diferentes quest\u00f5es relacionadas \u00e0 realidade de Teixeira de Freitas. Entre os assuntos que ganharam destaque nos discursos esteve a situa\u00e7\u00e3o dos servi\u00e7os p\u00fablicos de coleta de lixo, apontada pelos parlamentares como uma das dificuldades que v\u00eam sendo enfrentadas pela popula\u00e7\u00e3o em diferentes pontos da cidade.<\/p>\n\n\n\n<p>Al\u00e9m de manifesta\u00e7\u00f5es sobre os servi\u00e7os p\u00fablicos, a sess\u00e3o tamb\u00e9m foi marcada pela apresenta\u00e7\u00e3o e discuss\u00e3o de propostas legislativas relacionadas a \u00e1reas como seguran\u00e7a p\u00fablica, prote\u00e7\u00e3o social, sa\u00fade, educa\u00e7\u00e3o, regulariza\u00e7\u00e3o fiscal e organiza\u00e7\u00e3o do patrim\u00f4nio p\u00fablico municipal.<\/p>\n\n\n\n<p><strong>Cinco projetos de lei entram em tramita\u00e7\u00e3o<\/strong><\/p>\n\n\n\n<p>Durante a sess\u00e3o, entraram em tramita\u00e7\u00e3o dois Projetos de Lei do Legislativo e tr\u00eas Projetos de Lei do Executivo. As mat\u00e9rias foram encaminhadas para an\u00e1lise e delibera\u00e7\u00e3o das comiss\u00f5es permanentes da C\u00e2mara Municipal. Ap\u00f3s a aprecia\u00e7\u00e3o pelas comiss\u00f5es, os projetos dever\u00e3o retornar ao plen\u00e1rio para discuss\u00e3o e vota\u00e7\u00e3o pelos vereadores.<\/p>\n\n\n\n<p>Entre as propostas de autoria do Legislativo est\u00e1 o Projeto de Lei do Legislativo n\u00ba 84\/2026, de 24 de agosto de 2026, apresentado pelo vereador Wemerson Souza Sales. A mat\u00e9ria disp\u00f5e sobre a institui\u00e7\u00e3o, regulamenta\u00e7\u00e3o e disciplina da forma de uso do Bras\u00e3o, Ins\u00edgnias, S\u00edmbolos e Identidade Visual da Guarda Municipal de Teixeira de Freitas, al\u00e9m de estabelecer outras provid\u00eancias.<\/p>\n\n\n\n<p>Tamb\u00e9m entrou em tramita\u00e7\u00e3o o Projeto de Lei do Legislativo n\u00ba 85\/2026, de 26 de agosto de 2026, de autoria do vereador Cl\u00e1udio Pereira de Oliveira. A proposta estabelece medidas de prote\u00e7\u00e3o \u00e0 popula\u00e7\u00e3o de baixa renda do munic\u00edpio contra a interrup\u00e7\u00e3o do fornecimento de \u00e1gua e energia el\u00e9trica durante per\u00edodos de extremo calor, al\u00e9m de prever a\u00e7\u00f5es de prote\u00e7\u00e3o social e de sa\u00fade p\u00fablica.<\/p>\n\n\n\n<p>Pelo Poder Executivo, passou a tramitar o Projeto de Lei do Executivo n\u00ba 12\/2026, de 31 de mar\u00e7o de 2026, que trata da gest\u00e3o do ensino p\u00fablico municipal com base em crit\u00e9rios t\u00e9cnicos de m\u00e9rito e desempenho para a sele\u00e7\u00e3o ao exerc\u00edcio das fun\u00e7\u00f5es de diretor e vice-diretor escolar nas unidades da rede p\u00fablica municipal de Teixeira de Freitas.<\/p>\n\n\n\n<p>Tamb\u00e9m foi encaminhado \u00e0s comiss\u00f5es o Projeto de Lei do Executivo n\u00ba 16\/2026, de 23 de junho de 2026, que disp\u00f5e sobre a desafeta\u00e7\u00e3o da Quadra 14 do Loteamento Jo\u00e3o Mendon\u00e7a I, localizada no bairro Nova Jerusal\u00e9m.<\/p>\n\n\n\n<p>Completando a pauta de novas proposi\u00e7\u00f5es, entrou em tramita\u00e7\u00e3o o Projeto de Lei do Executivo n\u00ba 17\/2026, de 30 de junho de 2026, que institui o Programa Municipal de Recupera\u00e7\u00e3o Fiscal \u2013 REFIS Teixeira de Freitas 2026, estabelecendo medidas relacionadas \u00e0 recupera\u00e7\u00e3o de cr\u00e9ditos fiscais do munic\u00edpio.<\/p>\n\n\n\n<p><strong>Propostas seguem para an\u00e1lise das comiss\u00f5es<\/strong><\/p>\n\n\n\n<p>Com a entrada em tramita\u00e7\u00e3o, os cinco projetos seguir\u00e3o agora para as respectivas comiss\u00f5es permanentes da C\u00e2mara Municipal, onde ser\u00e3o analisados sob os aspectos pertinentes a cada mat\u00e9ria. Ap\u00f3s essa etapa, as propostas poder\u00e3o retornar ao plen\u00e1rio para aprecia\u00e7\u00e3o dos vereadores.<\/p>\n\n\n\n<p>A sess\u00e3o desta ter\u00e7a-feira refor\u00e7ou, mais uma vez, o papel do Legislativo municipal no debate de temas que impactam diretamente o cotidiano da popula\u00e7\u00e3o. As discuss\u00f5es realizadas na tribuna e as novas proposi\u00e7\u00f5es apresentadas dever\u00e3o continuar sendo acompanhadas nas pr\u00f3ximas sess\u00f5es, especialmente \u00e0 medida que os projetos avan\u00e7arem na an\u00e1lise das comiss\u00f5es e chegarem \u00e0 vota\u00e7\u00e3o em plen\u00e1rio.<\/p>\n","protected":false},"excerpt":{"rendered":"<div class=\"mh-excerpt\"><p>Reuni\u00e3o aconteceu na manh\u00e3 desta ter\u00e7a-feira (1\u00ba), no Plen\u00e1rio&nbsp;Francist\u00f4nio&nbsp;Alves Pinto, e contou com a tramita\u00e7\u00e3o de cinco projetos de lei, sendo dois de autoria do <a class=\"mh-excerpt-more\" href=\"https:\/\/correiodoestadobahia.com.br\/?p=19017\" title=\"Vereadores debatem problemas na coleta p\u00fablica de lixo e tramitam PL do REFIS 2026\">[&#8230;]<\/a><\/p>\n<\/div>","protected":false},"author":1,"featured_media":19018,"comment_status":"open","ping_status":"open","sticky":false,"template":"","format":"standard","meta":[],"categories":[1],"tags":[],"jetpack_featured_media_url":"https:\/\/correiodoestadobahia.com.br\/wp-content\/uploads\/2026\/09\/joris.jpeg","_links":{"self":[{"href":"https:\/\/correiodoestadobahia.com.br\/index.php?rest_route=\/wp\/v2\/posts\/19017"}],"collection":[{"href":"https:\/\/correiodoestadobahia.com.br\/index.php?rest_route=\/wp\/v2\/posts"}],"about":[{"href":"https:\/\/correiodoestadobahia.com.br\/index.php?rest_route=\/wp\/v2\/types\/post"}],"author":[{"embeddable":true,"href":"https:\/\/correiodoestadobahia.com.br\/index.php?rest_route=\/wp\/v2\/users\/1"}],"replies":[{"embeddable":true,"href":"https:\/\/correiodoestadobahia.com.br\/index.php?rest_route=%2Fwp%2Fv2%2Fcomments&post=19017"}],"version-history":[{"count":1,"href":"https:\/\/correiodoestadobahia.com.br\/index.php?rest_route=\/wp\/v2\/posts\/19017\/revisions"}],"predecessor-version":[{"id":19019,"href":"https:\/\/correiodoestadobahia.com.br\/index.php?rest_route=\/wp\/v2\/posts\/19017\/revisions\/19019"}],"wp:featuredmedia":[{"embeddable":true,"href":"https:\/\/correiodoestadobahia.com.br\/index.php?rest_route=\/wp\/v2\/media\/19018"}],"wp:attachment":[{"href":"https:\/\/correiodoestadobahia.com.br\/index.php?rest_route=%2Fwp%2Fv2%2Fmedia&parent=19017"}],"wp:term":[{"taxonomy":"category","embeddable":true,"href":"https:\/\/correiodoestadobahia.com.br\/index.php?rest_route=%2Fwp%2Fv2%2Fcategories&post=19017"},{"taxonomy":"post_tag","embeddable":true,"href":"https:\/\/correiodoestadobahia.com.br\/index.php?rest_route=%2Fwp%2Fv2%2Ftags&post=19017"}],"curies":[{"name":"wp","href":"https:\/\/api.w.org\/{rel}","templated":true}]}}