{"id":19011,"date":"2026-08-27T14:22:00","date_gmt":"2026-08-27T17:22:00","guid":{"rendered":"http:\/\/correiodoestadobahia.com.br\/?p=19011"},"modified":"2026-09-02T14:23:47","modified_gmt":"2026-09-02T17:23:47","slug":"com-730-mil-profissionais-no-brasil-corretores-de-imoveis-ampliam-conhecimentos-para-atender-um-mercado-em-transformacao","status":"publish","type":"post","link":"https:\/\/correiodoestadobahia.com.br\/?p=19011","title":{"rendered":"Com 730 mil profissionais no Brasil, corretores de im\u00f3veis ampliam conhecimentos para atender um mercado em transforma\u00e7\u00e3o"},"content":{"rendered":"\n<p>O Brasil conta hoje com cerca de 730 mil corretores de im\u00f3veis, segundo dados do Conselho Federal de Corretores de Im\u00f3veis (Cofeci).&nbsp; Em um per\u00edodo de 15 anos, o n\u00famero de profissionais cresceu 195%, impulsionado pelo aumento dos lan\u00e7amentos, pela forte demanda habitacional e pela busca por uma carreira com maior autonomia.<\/p>\n\n\n\n<p>O crescimento tamb\u00e9m reflete a evolu\u00e7\u00e3o do papel desse profissional. Mais do que intermediar a compra e a venda, o corretor passou a exercer uma atua\u00e7\u00e3o cada vez mais estrat\u00e9gica, que exige conhecimento sobre financiamento, documenta\u00e7\u00e3o, perfil do cliente e din\u00e2mica do mercado.<\/p>\n\n\n\n<p>Em 2025, o Grupo Direcional avan\u00e7ou na forma\u00e7\u00e3o e no desenvolvimento de seus colaboradores. Com o apoio da DiRi Academy, educa\u00e7\u00e3o corporativa do Grupo Direcional, foram oferecidas mais de 17 mil horas de treinamento entre as modalidades online e presencial, promovendo o fortalecimento de conhecimentos t\u00e9cnicos e de habilidades comportamentais essenciais para o crescimento individual e coletivo, incluindo a capacita\u00e7\u00e3o de equipes comerciais e corretores.<\/p>\n\n\n\n<p>Para marcar o Dia do Corretor de Im\u00f3veis, o Grupo Direcional destaca trajet\u00f3rias de sua for\u00e7a de vendas que exemplificam essa transforma\u00e7\u00e3o em diferentes regi\u00f5es do pa\u00eds:<\/p>\n\n\n\n<p><strong>Jana\u00edna Arag\u00e3o (Recife &#8211; PE):<\/strong>&nbsp;<\/p>\n\n\n\n<p>Em Pernambuco, Jana\u00edna encontrou na corretagem uma nova perspectiva de vida. H\u00e1 tr\u00eas anos na Direcional, ela ingressou no setor imobili\u00e1rio ap\u00f3s o incentivo de uma amiga, conciliando as vendas com seu trabalho de operadora de telemarketing no per\u00edodo da manh\u00e3. M\u00e3e solo de uma adolescente de 15 anos, ela precisou superar o medo e a inseguran\u00e7a nos primeiros atendimentos, para chegar ao t\u00edtulo de &#8220;Melhor do Ano&#8221; em vendas em toda a regional pernambucana.<\/p>\n\n\n\n<p>A virada de chave em sua trajet\u00f3ria aconteceu quando ela assumiu o desafio de atuar na comercializa\u00e7\u00e3o de um empreendimento que exigia uma abordagem de vendas mais estrat\u00e9gica. &#8220;Lembro que na minha primeira venda presencial eu fiquei com medo e cheguei a tremer com os documentos na m\u00e3o, mas fechei o neg\u00f3cio no mesmo dia com o apoio da gest\u00e3o. Eu costumo dizer que aprendi a vender como quem aprende a andar de bicicleta numa ladeira sem freio. O trabalho bem feito gera resultado e hoje a maioria dos meus clientes v\u00eam por indica\u00e7\u00e3o&#8221;, conta Jana\u00edna.<\/p>\n\n\n\n<p>O sucesso na carreira refletiu diretamente em sua postura diante dos desafios di\u00e1rios, tornando-a uma refer\u00eancia de resili\u00eancia e lideran\u00e7a para a equipe. \u201cA Direcional mudou minha forma de pensar e agir como profissional. Eu era uma simples funcion\u00e1ria CLT e n\u00e3o acreditava muito no sonho da casa pr\u00f3pria. Hoje, eu mudo a vida de fam\u00edlias e ajudo na realiza\u00e7\u00e3o do sonho da casa pr\u00f3pria. Essa profiss\u00e3o me ensinou a ser persistente e acreditar. Todos os dias eu me olho no espelho e digo: eu sou forte, eu consigo&#8221;, emociona-se a corretora.<\/p>\n\n\n\n<p><strong>Emivandro Bezerra (Fortaleza &#8211; CE):<\/strong>&nbsp;<\/p>\n\n\n\n<p>No Cear\u00e1, a trajet\u00f3ria de Emivandro \u00e9 marcada pela supera\u00e7\u00e3o e pelo foco no cliente. Ex-funcion\u00e1rio p\u00fablico, ele ingressou na Direcional h\u00e1 tr\u00eas anos como estagi\u00e1rio para obter seu registro profissional. &#8220;No in\u00edcio, bati de porta em porta na periferia para captar meus primeiros clientes e agarrei cada oportunidade&#8221;, relembra. O esfor\u00e7o o projetou ao topo nacional como o campe\u00e3o de vendas da Direcional em todo o Brasil.<\/p>\n\n\n\n<p>Al\u00e9m de n\u00fameros, a diferen\u00e7a que o mant\u00e9m na lideran\u00e7a \u00e9 o papel de consultor financeiro e de vida que assumiu. &#8220;Atendo pessoas do Brasil inteiro que compram comigo \u00e0 dist\u00e2ncia, sem nem me conhecerem presencialmente, porque consegui passar uma seguran\u00e7a e transpar\u00eancia absolutas. N\u00e3o \u00e9 s\u00f3 vender um apartamento; \u00e9 entender a real necessidade do cliente, o que cabe no bolso dele sem comprometer a renda familiar, ou at\u00e9 ajudar a reorganizar a vida financeira da pessoa antes de fechar o neg\u00f3cio&#8221;, explica Emivandro.<\/p>\n\n\n\n<p>Essa vis\u00e3o emp\u00e1tica j\u00e1 o fez auxiliar clientes em momentos delicados, como a reestrutura\u00e7\u00e3o financeira de uma compradora para sair de um ciclo de viol\u00eancia dom\u00e9stica. &#8220;Eu sou a prova viva de que tudo deu errado e hoje estou dando certo. A Direcional mudou a minha vida, me deu condi\u00e7\u00f5es para arcar todo o tratamento particular do meu filho autista. Hoje, minha satisfa\u00e7\u00e3o n\u00e3o \u00e9 s\u00f3 vender, \u00e9 ver outras pessoas evoluindo e realizando seus projetos com seguran\u00e7a&#8221;, relata o corretor.<\/p>\n\n\n\n<p><strong>Cl\u00e1udio Gomes Oliveira (Bras\u00edlia &#8211; DF):<\/strong>&nbsp;<\/p>\n\n\n\n<p>Com atua\u00e7\u00e3o no Distrito Federal, Cl\u00e1udio encontrou no mercado imobili\u00e1rio a chance de recome\u00e7ar. H\u00e1 quatro anos de empresa, ele chegou \u00e0 Direcional ap\u00f3s fechar seu antigo com\u00e9rcio na pandemia e acumular diversas d\u00edvidas. &#8220;Eu n\u00e3o tinha um real na minha conta, estava vivendo de favor. Ia trabalhar a p\u00e9 porque n\u00e3o tinha como pagar a passagem de \u00f4nibus&#8221;, conta. Sua dedica\u00e7\u00e3o extrema reverteu a situa\u00e7\u00e3o, levando-o a se tornar o n\u00ba 1 do DF e do Brasil em volume de unidades vendidas.<\/p>\n\n\n\n<p>O grande divisor de \u00e1guas em sua carreira aconteceu no in\u00edcio de sua trajet\u00f3ria na construtora. &#8220;Em um m\u00eas em que um neg\u00f3cio quase caiu, eu disse para a minha gestora: &#8216;quando Deus tira uma venda, manda 10&#8217;. Naquele m\u00eas, fechei 11 vendas de uma vez s\u00f3 e n\u00e3o parei mais. Para a gente viver o extraordin\u00e1rio, tem que tentar ser extraordin\u00e1rio no dia a dia. Cheguei a realizar 84 atendimentos presenciais em um \u00fanico m\u00eas porque acredito que quem corre na frente antecipa os resultados&#8221;, afirma Cl\u00e1udio.<\/p>\n\n\n\n<p>A const\u00e2ncia de vendas e a excel\u00eancia no atendimento o transformaram em refer\u00eancia local e nacional, passando a ministrar treinamentos para novos corretores da companhia. &#8220;Hoje, me emociono ao ver a transforma\u00e7\u00e3o da minha vida, poder ter comprado o im\u00f3vel da minha m\u00e3e e sentir o respeito que o meu nome conquistou. Al\u00e9m de ser o meu p\u00e3o de cada dia, \u00e9 gratificante demais saber que fa\u00e7o parte da realiza\u00e7\u00e3o da necessidade mais b\u00e1sica e do maior sonho das pessoas, que \u00e9 ter a casa pr\u00f3pria&#8221;, conclui.<\/p>\n","protected":false},"excerpt":{"rendered":"<div class=\"mh-excerpt\"><p>O Brasil conta hoje com cerca de 730 mil corretores de im\u00f3veis, segundo dados do Conselho Federal de Corretores de Im\u00f3veis (Cofeci).&nbsp; Em um per\u00edodo <a class=\"mh-excerpt-more\" href=\"https:\/\/correiodoestadobahia.com.br\/?p=19011\" title=\"Com 730 mil profissionais no Brasil, corretores de im\u00f3veis ampliam conhecimentos para atender um mercado em transforma\u00e7\u00e3o\">[&#8230;]<\/a><\/p>\n<\/div>","protected":false},"author":1,"featured_media":10034,"comment_status":"open","ping_status":"open","sticky":false,"template":"","format":"standard","meta":[],"categories":[1],"tags":[],"jetpack_featured_media_url":"https:\/\/correiodoestadobahia.com.br\/wp-content\/uploads\/2023\/11\/predio.jpeg","_links":{"self":[{"href":"https:\/\/correiodoestadobahia.com.br\/index.php?rest_route=\/wp\/v2\/posts\/19011"}],"collection":[{"href":"https:\/\/correiodoestadobahia.com.br\/index.php?rest_route=\/wp\/v2\/posts"}],"about":[{"href":"https:\/\/correiodoestadobahia.com.br\/index.php?rest_route=\/wp\/v2\/types\/post"}],"author":[{"embeddable":true,"href":"https:\/\/correiodoestadobahia.com.br\/index.php?rest_route=\/wp\/v2\/users\/1"}],"replies":[{"embeddable":true,"href":"https:\/\/correiodoestadobahia.com.br\/index.php?rest_route=%2Fwp%2Fv2%2Fcomments&post=19011"}],"version-history":[{"count":1,"href":"https:\/\/correiodoestadobahia.com.br\/index.php?rest_route=\/wp\/v2\/posts\/19011\/revisions"}],"predecessor-version":[{"id":19012,"href":"https:\/\/correiodoestadobahia.com.br\/index.php?rest_route=\/wp\/v2\/posts\/19011\/revisions\/19012"}],"wp:featuredmedia":[{"embeddable":true,"href":"https:\/\/correiodoestadobahia.com.br\/index.php?rest_route=\/wp\/v2\/media\/10034"}],"wp:attachment":[{"href":"https:\/\/correiodoestadobahia.com.br\/index.php?rest_route=%2Fwp%2Fv2%2Fmedia&parent=19011"}],"wp:term":[{"taxonomy":"category","embeddable":true,"href":"https:\/\/correiodoestadobahia.com.br\/index.php?rest_route=%2Fwp%2Fv2%2Fcategories&post=19011"},{"taxonomy":"post_tag","embeddable":true,"href":"https:\/\/correiodoestadobahia.com.br\/index.php?rest_route=%2Fwp%2Fv2%2Ftags&post=19011"}],"curies":[{"name":"wp","href":"https:\/\/api.w.org\/{rel}","templated":true}]}}