{"id":19002,"date":"2026-09-01T21:25:48","date_gmt":"2026-09-02T00:25:48","guid":{"rendered":"http:\/\/correiodoestadobahia.com.br\/?p=19002"},"modified":"2026-09-01T21:25:48","modified_gmt":"2026-09-02T00:25:48","slug":"teixeira-de-freitas-vai-ganhar-uma-nova-radio-2","status":"publish","type":"post","link":"https:\/\/correiodoestadobahia.com.br\/?p=19002","title":{"rendered":"Teixeira de Freitas vai ganhar uma nova r\u00e1dio"},"content":{"rendered":"\n<p> Uma nova emissora de r\u00e1dio est\u00e1 sendo instalada em Teixeira de Freitas e deve come\u00e7ar a operar em breve, ampliando as op\u00e7\u00f5es de quem acompanha informa\u00e7\u00e3o no extremo sul da Bahia.A R\u00e1dio Vida FM chega com uma programa\u00e7\u00e3o voltada para jornalismo, pol\u00edtica, notici\u00e1rio policial e conte\u00fado crist\u00e3o, e essa combina\u00e7\u00e3o promete conversar de perto com o ouvinte do munic\u00edpio e das cidades vizinhas.<\/p>\n\n\n\n<p>Os detalhes sobre a frequ\u00eancia, a data de estreia e o time de comunicadores ainda n\u00e3o foram divulgados. Segundo a pr\u00f3pria emissora, o an\u00fancio completo vem nos pr\u00f3ximos dias. Por enquanto, fica o recado: \u201ca gente ainda n\u00e3o pode contar, mas voc\u00ea vai ouvir\u201d.<\/p>\n","protected":false},"excerpt":{"rendered":"<div class=\"mh-excerpt\"><p>Uma nova emissora de r\u00e1dio est\u00e1 sendo instalada em Teixeira de Freitas e deve come\u00e7ar a operar em breve, ampliando as op\u00e7\u00f5es de quem acompanha <a class=\"mh-excerpt-more\" href=\"https:\/\/correiodoestadobahia.com.br\/?p=19002\" title=\"Teixeira de Freitas vai ganhar uma nova r\u00e1dio\">[&#8230;]<\/a><\/p>\n<\/div>","protected":false},"author":1,"featured_media":19003,"comment_status":"open","ping_status":"open","sticky":false,"template":"","format":"standard","meta":[],"categories":[1],"tags":[],"jetpack_featured_media_url":"https:\/\/correiodoestadobahia.com.br\/wp-content\/uploads\/2026\/09\/IMG-20260901-WA0676.jpg","_links":{"self":[{"href":"https:\/\/correiodoestadobahia.com.br\/index.php?rest_route=\/wp\/v2\/posts\/19002"}],"collection":[{"href":"https:\/\/correiodoestadobahia.com.br\/index.php?rest_route=\/wp\/v2\/posts"}],"about":[{"href":"https:\/\/correiodoestadobahia.com.br\/index.php?rest_route=\/wp\/v2\/types\/post"}],"author":[{"embeddable":true,"href":"https:\/\/correiodoestadobahia.com.br\/index.php?rest_route=\/wp\/v2\/users\/1"}],"replies":[{"embeddable":true,"href":"https:\/\/correiodoestadobahia.com.br\/index.php?rest_route=%2Fwp%2Fv2%2Fcomments&post=19002"}],"version-history":[{"count":1,"href":"https:\/\/correiodoestadobahia.com.br\/index.php?rest_route=\/wp\/v2\/posts\/19002\/revisions"}],"predecessor-version":[{"id":19004,"href":"https:\/\/correiodoestadobahia.com.br\/index.php?rest_route=\/wp\/v2\/posts\/19002\/revisions\/19004"}],"wp:featuredmedia":[{"embeddable":true,"href":"https:\/\/correiodoestadobahia.com.br\/index.php?rest_route=\/wp\/v2\/media\/19003"}],"wp:attachment":[{"href":"https:\/\/correiodoestadobahia.com.br\/index.php?rest_route=%2Fwp%2Fv2%2Fmedia&parent=19002"}],"wp:term":[{"taxonomy":"category","embeddable":true,"href":"https:\/\/correiodoestadobahia.com.br\/index.php?rest_route=%2Fwp%2Fv2%2Fcategories&post=19002"},{"taxonomy":"post_tag","embeddable":true,"href":"https:\/\/correiodoestadobahia.com.br\/index.php?rest_route=%2Fwp%2Fv2%2Ftags&post=19002"}],"curies":[{"name":"wp","href":"https:\/\/api.w.org\/{rel}","templated":true}]}}