{"id":18993,"date":"2026-08-31T09:40:56","date_gmt":"2026-08-31T12:40:56","guid":{"rendered":"http:\/\/correiodoestadobahia.com.br\/?p=18993"},"modified":"2026-08-31T09:41:54","modified_gmt":"2026-08-31T12:41:54","slug":"distrito-de-santo-antonio-recebe-caminhada-historica-de-apoio-a-candidatura-de-jonatas-santos","status":"publish","type":"post","link":"https:\/\/correiodoestadobahia.com.br\/?p=18993","title":{"rendered":"Distrito de Santo Ant\u00f4nio recebe caminhada hist\u00f3rica de apoio \u00e0 candidatura de Jonatas Santos"},"content":{"rendered":"\n<p>Milhares de pessoas tomaram as ruas do distrito de Santo Ant\u00f4nio neste domingo (30) na maior caminhada j\u00e1 vista na regi\u00e3o. O ato foi em apoio \u00e0 candidatura a deputado federal de Jonatas Santos (4477), que percorreu o distrito passando pelas casas e pelo com\u00e9rcio local, cumprimentando moradores ao longo de todo o trajeto com muita alegria.A caminhada contou com a presen\u00e7a do vereador Joris de Gel, lideran\u00e7a pol\u00edtica de Santo Ant\u00f4nio que est\u00e1 em seu terceiro mandato.<\/p>\n\n\n\n<p> Em sua fala, ele lembrou o apoio decisivo de Jonatas, na presid\u00eancia da C\u00e2mara, para que o local se tornasse distrito oficialmente. O vereador tamb\u00e9m citou os v\u00e1rios eventos que os dois realizaram juntos na comunidade e o olhar sens\u00edvel do candidato para a popula\u00e7\u00e3o local: \u201c\u00c9 por tudo isso que ele j\u00e1 fez aqui, at\u00e9 mesmo antes de ser vereador, que Jonatas merece o voto de Santo Ant\u00f4nio para deputado federal\u201d. Jonatas Santos come\u00e7ou sua fala agradecendo a Deus e disse sentir alegria por ter ajudado o distrito a conquistar esse reconhecimento.<\/p>\n\n\n\n<p> Ele tamb\u00e9m se disse honrado com a multid\u00e3o que saiu \u00e0s ruas para apoiar sua candidatura: \u201dEssa foi uma caminhada hist\u00f3rica aqui em Santo Ant\u00f4nio e eu tenho certeza que tamb\u00e9m teremos uma elei\u00e7\u00e3o hist\u00f3rica no dia 4 de outubro. Quando for eleito,  poderei contribuir ainda mais com o povo daqui, trazendo mais estrutura e oportunidades\u201d. A caminhada terminou em clima de festa e forte participa\u00e7\u00e3o dos moradores, que permanceram do in\u00edcio ao fim do percurso, confirmando Santo Ant\u00f4nio como um dos pontos fortes da campanha.<\/p>\n","protected":false},"excerpt":{"rendered":"<div class=\"mh-excerpt\"><p>Milhares de pessoas tomaram as ruas do distrito de Santo Ant\u00f4nio neste domingo (30) na maior caminhada j\u00e1 vista na regi\u00e3o. O ato foi em <a class=\"mh-excerpt-more\" href=\"https:\/\/correiodoestadobahia.com.br\/?p=18993\" title=\"Distrito de Santo Ant\u00f4nio recebe caminhada hist\u00f3rica de apoio \u00e0 candidatura de Jonatas Santos\">[&#8230;]<\/a><\/p>\n<\/div>","protected":false},"author":1,"featured_media":18994,"comment_status":"open","ping_status":"open","sticky":false,"template":"","format":"standard","meta":[],"categories":[1],"tags":[],"jetpack_featured_media_url":"https:\/\/correiodoestadobahia.com.br\/wp-content\/uploads\/2026\/08\/IMG-20260831-WA0093-scaled.jpg","_links":{"self":[{"href":"https:\/\/correiodoestadobahia.com.br\/index.php?rest_route=\/wp\/v2\/posts\/18993"}],"collection":[{"href":"https:\/\/correiodoestadobahia.com.br\/index.php?rest_route=\/wp\/v2\/posts"}],"about":[{"href":"https:\/\/correiodoestadobahia.com.br\/index.php?rest_route=\/wp\/v2\/types\/post"}],"author":[{"embeddable":true,"href":"https:\/\/correiodoestadobahia.com.br\/index.php?rest_route=\/wp\/v2\/users\/1"}],"replies":[{"embeddable":true,"href":"https:\/\/correiodoestadobahia.com.br\/index.php?rest_route=%2Fwp%2Fv2%2Fcomments&post=18993"}],"version-history":[{"count":2,"href":"https:\/\/correiodoestadobahia.com.br\/index.php?rest_route=\/wp\/v2\/posts\/18993\/revisions"}],"predecessor-version":[{"id":18996,"href":"https:\/\/correiodoestadobahia.com.br\/index.php?rest_route=\/wp\/v2\/posts\/18993\/revisions\/18996"}],"wp:featuredmedia":[{"embeddable":true,"href":"https:\/\/correiodoestadobahia.com.br\/index.php?rest_route=\/wp\/v2\/media\/18994"}],"wp:attachment":[{"href":"https:\/\/correiodoestadobahia.com.br\/index.php?rest_route=%2Fwp%2Fv2%2Fmedia&parent=18993"}],"wp:term":[{"taxonomy":"category","embeddable":true,"href":"https:\/\/correiodoestadobahia.com.br\/index.php?rest_route=%2Fwp%2Fv2%2Fcategories&post=18993"},{"taxonomy":"post_tag","embeddable":true,"href":"https:\/\/correiodoestadobahia.com.br\/index.php?rest_route=%2Fwp%2Fv2%2Ftags&post=18993"}],"curies":[{"name":"wp","href":"https:\/\/api.w.org\/{rel}","templated":true}]}}