{"id":18982,"date":"2026-08-30T11:55:46","date_gmt":"2026-08-30T14:55:46","guid":{"rendered":"http:\/\/correiodoestadobahia.com.br\/?p=18982"},"modified":"2026-08-30T11:56:24","modified_gmt":"2026-08-30T14:56:24","slug":"pmba-mobiliza-teixeira-de-freitas-e-regiao-para-mais-uma-edicao-do-faca-uma-crianca-sorrir","status":"publish","type":"post","link":"https:\/\/correiodoestadobahia.com.br\/?p=18982","title":{"rendered":"PMBA mobiliza Teixeira de Freitas e regi\u00e3o para mais uma edi\u00e7\u00e3o do \u201cFa\u00e7a uma Crian\u00e7a Sorrir\u201d"},"content":{"rendered":"\n<p>O Comando de Policiamento da Regi\u00e3o do Extremo Sul (CPR-ES) iniciou os preparativos para mais uma edi\u00e7\u00e3o do projeto social \u201cFa\u00e7a uma Crian\u00e7a Sorrir\u201d, iniciativa que mobiliza policiais militares, parceiros e a comunidade de Teixeira de Freitas e regi\u00e3o em uma corrente de solidariedade em homenagem ao Dia das Crian\u00e7as.<\/p>\n\n\n\n<p>O evento ser\u00e1 realizado no dia 9 de outubro (sexta-feira), no 13\u00ba Batalh\u00e3o de Ensino, Instru\u00e7\u00e3o e Capacita\u00e7\u00e3o, em Teixeira de Freitas, com uma programa\u00e7\u00e3o especialmente preparada para proporcionar \u00e0s crian\u00e7as momentos de alegria, acolhimento e integra\u00e7\u00e3o.<\/p>\n\n\n\n<p>Como parte da mobiliza\u00e7\u00e3o, ser\u00e1 realizada a arrecada\u00e7\u00e3o de brinquedos, que ser\u00e3o destinados \u00e0s crian\u00e7as participantes. As doa\u00e7\u00f5es poder\u00e3o ser entregues na 87\u00aa Companhia Independente de Pol\u00edcia Militar e na sede do CPR-ES.A iniciativa busca reunir institui\u00e7\u00f5es, empresas, parceiros e a sociedade civil em torno de um prop\u00f3sito comum: contribuir para que o Dia das Crian\u00e7as seja ainda mais especial para quem mais precisa.<\/p>\n\n\n\n<p>Mais do que celebrar uma data, o \u201cFa\u00e7a uma Crian\u00e7a Sorrir\u201d reafirma o compromisso social da Pol\u00edcia Militar da Bahia e demonstra que a uni\u00e3o de esfor\u00e7os pode transformar solidariedade em alegria e fazer a diferen\u00e7a na vida de muitas crian\u00e7as.PMBA, uma For\u00e7a a servi\u00e7o do cidad\u00e3o!<\/p>\n\n\n\n<figure class=\"wp-block-image size-large\"><img loading=\"lazy\" width=\"1024\" height=\"858\" src=\"http:\/\/correiodoestadobahia.com.br\/wp-content\/uploads\/2026\/08\/IMG-20260830-WA0138-1024x858.jpg\" alt=\"\" class=\"wp-image-18985\" srcset=\"https:\/\/correiodoestadobahia.com.br\/wp-content\/uploads\/2026\/08\/IMG-20260830-WA0138-1024x858.jpg 1024w, https:\/\/correiodoestadobahia.com.br\/wp-content\/uploads\/2026\/08\/IMG-20260830-WA0138-300x251.jpg 300w, https:\/\/correiodoestadobahia.com.br\/wp-content\/uploads\/2026\/08\/IMG-20260830-WA0138-768x643.jpg 768w, https:\/\/correiodoestadobahia.com.br\/wp-content\/uploads\/2026\/08\/IMG-20260830-WA0138-1536x1286.jpg 1536w, https:\/\/correiodoestadobahia.com.br\/wp-content\/uploads\/2026\/08\/IMG-20260830-WA0138.jpg 1600w\" sizes=\"(max-width: 1024px) 100vw, 1024px\" \/><\/figure>\n\n\n\n<figure class=\"wp-block-image size-large\"><img loading=\"lazy\" width=\"576\" height=\"1024\" src=\"http:\/\/correiodoestadobahia.com.br\/wp-content\/uploads\/2026\/08\/IMG-20260830-WA0139-576x1024.jpg\" alt=\"\" class=\"wp-image-18986\" srcset=\"https:\/\/correiodoestadobahia.com.br\/wp-content\/uploads\/2026\/08\/IMG-20260830-WA0139-576x1024.jpg 576w, https:\/\/correiodoestadobahia.com.br\/wp-content\/uploads\/2026\/08\/IMG-20260830-WA0139-169x300.jpg 169w, https:\/\/correiodoestadobahia.com.br\/wp-content\/uploads\/2026\/08\/IMG-20260830-WA0139-768x1365.jpg 768w, https:\/\/correiodoestadobahia.com.br\/wp-content\/uploads\/2026\/08\/IMG-20260830-WA0139-864x1536.jpg 864w, https:\/\/correiodoestadobahia.com.br\/wp-content\/uploads\/2026\/08\/IMG-20260830-WA0139.jpg 900w\" sizes=\"(max-width: 576px) 100vw, 576px\" \/><\/figure>\n","protected":false},"excerpt":{"rendered":"<div class=\"mh-excerpt\"><p>O Comando de Policiamento da Regi\u00e3o do Extremo Sul (CPR-ES) iniciou os preparativos para mais uma edi\u00e7\u00e3o do projeto social \u201cFa\u00e7a uma Crian\u00e7a Sorrir\u201d, iniciativa <a class=\"mh-excerpt-more\" href=\"https:\/\/correiodoestadobahia.com.br\/?p=18982\" title=\"PMBA mobiliza Teixeira de Freitas e regi\u00e3o para mais uma edi\u00e7\u00e3o do \u201cFa\u00e7a uma Crian\u00e7a Sorrir\u201d\">[&#8230;]<\/a><\/p>\n<\/div>","protected":false},"author":1,"featured_media":18983,"comment_status":"open","ping_status":"open","sticky":false,"template":"","format":"standard","meta":[],"categories":[1],"tags":[],"jetpack_featured_media_url":"https:\/\/correiodoestadobahia.com.br\/wp-content\/uploads\/2026\/08\/IMG-20260830-WA0136.jpg","_links":{"self":[{"href":"https:\/\/correiodoestadobahia.com.br\/index.php?rest_route=\/wp\/v2\/posts\/18982"}],"collection":[{"href":"https:\/\/correiodoestadobahia.com.br\/index.php?rest_route=\/wp\/v2\/posts"}],"about":[{"href":"https:\/\/correiodoestadobahia.com.br\/index.php?rest_route=\/wp\/v2\/types\/post"}],"author":[{"embeddable":true,"href":"https:\/\/correiodoestadobahia.com.br\/index.php?rest_route=\/wp\/v2\/users\/1"}],"replies":[{"embeddable":true,"href":"https:\/\/correiodoestadobahia.com.br\/index.php?rest_route=%2Fwp%2Fv2%2Fcomments&post=18982"}],"version-history":[{"count":2,"href":"https:\/\/correiodoestadobahia.com.br\/index.php?rest_route=\/wp\/v2\/posts\/18982\/revisions"}],"predecessor-version":[{"id":18987,"href":"https:\/\/correiodoestadobahia.com.br\/index.php?rest_route=\/wp\/v2\/posts\/18982\/revisions\/18987"}],"wp:featuredmedia":[{"embeddable":true,"href":"https:\/\/correiodoestadobahia.com.br\/index.php?rest_route=\/wp\/v2\/media\/18983"}],"wp:attachment":[{"href":"https:\/\/correiodoestadobahia.com.br\/index.php?rest_route=%2Fwp%2Fv2%2Fmedia&parent=18982"}],"wp:term":[{"taxonomy":"category","embeddable":true,"href":"https:\/\/correiodoestadobahia.com.br\/index.php?rest_route=%2Fwp%2Fv2%2Fcategories&post=18982"},{"taxonomy":"post_tag","embeddable":true,"href":"https:\/\/correiodoestadobahia.com.br\/index.php?rest_route=%2Fwp%2Fv2%2Ftags&post=18982"}],"curies":[{"name":"wp","href":"https:\/\/api.w.org\/{rel}","templated":true}]}}