{"id":18981,"date":"2026-08-30T11:59:53","date_gmt":"2026-08-30T14:59:53","guid":{"rendered":"http:\/\/correiodoestadobahia.com.br\/?p=18981"},"modified":"2026-08-30T11:59:54","modified_gmt":"2026-08-30T14:59:54","slug":"cpm-anisio-teixeira-celebra-formatura-de-100-alunos-do-7o-ano-no-proerd","status":"publish","type":"post","link":"https:\/\/correiodoestadobahia.com.br\/?p=18981","title":{"rendered":"CPM An\u00edsio Teixeira celebra formatura de 100 alunos do 7\u00ba ano no PROERD"},"content":{"rendered":"\n<p>Cerca de 100 alunos do 7\u00ba ano do Col\u00e9gio da Pol\u00edcia Militar An\u00edsio Teixeira (CPM) celebraram a conclus\u00e3o do Programa Educacional de Resist\u00eancia \u00e0s Drogas e \u00e0 Viol\u00eancia (PROERD), em uma solenidade marcada pela emo\u00e7\u00e3o, aprendizado e valoriza\u00e7\u00e3o da preven\u00e7\u00e3o.<\/p>\n\n\n\n<p>A formatura representa uma conquista especial na trajet\u00f3ria dos estudantes, refor\u00e7ando a import\u00e2ncia de preparar crian\u00e7as e adolescentes para realizarem escolhas conscientes e constru\u00edrem um futuro pautado pela cidadania, responsabilidade e uma vida longe das drogas e da viol\u00eancia.<\/p>\n\n\n\n<p>O momento tamb\u00e9m simbolizou a uni\u00e3o entre escola, Pol\u00edcia Militar e fam\u00edlias, destacando que a preven\u00e7\u00e3o come\u00e7a por meio do conhecimento e se fortalece diariamente pelo exemplo, pelo di\u00e1logo e pela participa\u00e7\u00e3o de toda a comunidade.<\/p>\n\n\n\n<p>Ao longo das atividades desenvolvidas pelo PROERD, os estudantes tiveram a oportunidade de refletir sobre valores, atitudes e decis\u00f5es que contribuem para uma conviv\u00eancia mais saud\u00e1vel e segura.<\/p>\n\n\n\n<p>A formatura dos 100 alunos reafirma a import\u00e2ncia do PROERD como um instrumento de educa\u00e7\u00e3o, cidadania e cuidado com as novas gera\u00e7\u00f5es.<\/p>\n\n\n\n<p>Parab\u00e9ns aos formandos, \u00e0s fam\u00edlias, aos educadores e aos policiais militares envolvidos nessa importante miss\u00e3o de contribuir para a constru\u00e7\u00e3o de um futuro melhor para a juventude.<\/p>\n\n\n\n<figure class=\"wp-block-image size-large\"><img loading=\"lazy\" width=\"525\" height=\"370\" src=\"https:\/\/correiodoestadobahia.com.br\/wp-content\/uploads\/2026\/08\/image-23.png\" alt=\"\" class=\"wp-image-18988\" srcset=\"https:\/\/correiodoestadobahia.com.br\/wp-content\/uploads\/2026\/08\/image-23.png 525w, https:\/\/correiodoestadobahia.com.br\/wp-content\/uploads\/2026\/08\/image-23-300x211.png 300w\" sizes=\"(max-width: 525px) 100vw, 525px\" \/><\/figure>\n\n\n\n<figure class=\"wp-block-image size-large\"><img loading=\"lazy\" width=\"532\" height=\"362\" src=\"https:\/\/correiodoestadobahia.com.br\/wp-content\/uploads\/2026\/08\/image-24.png\" alt=\"\" class=\"wp-image-18989\" srcset=\"https:\/\/correiodoestadobahia.com.br\/wp-content\/uploads\/2026\/08\/image-24.png 532w, https:\/\/correiodoestadobahia.com.br\/wp-content\/uploads\/2026\/08\/image-24-300x204.png 300w\" sizes=\"(max-width: 532px) 100vw, 532px\" \/><\/figure>\n","protected":false},"excerpt":{"rendered":"<div class=\"mh-excerpt\"><p>Cerca de 100 alunos do 7\u00ba ano do Col\u00e9gio da Pol\u00edcia Militar An\u00edsio Teixeira (CPM) celebraram a conclus\u00e3o do Programa Educacional de Resist\u00eancia \u00e0s Drogas <a class=\"mh-excerpt-more\" href=\"https:\/\/correiodoestadobahia.com.br\/?p=18981\" title=\"CPM An\u00edsio Teixeira celebra formatura de 100 alunos do 7\u00ba ano no PROERD\">[&#8230;]<\/a><\/p>\n<\/div>","protected":false},"author":1,"featured_media":18990,"comment_status":"open","ping_status":"open","sticky":false,"template":"","format":"standard","meta":[],"categories":[11],"tags":[],"jetpack_featured_media_url":"https:\/\/correiodoestadobahia.com.br\/wp-content\/uploads\/2026\/08\/4da0e2b5-fc87-479e-a31a-2968a3dfe7f6.jpg","_links":{"self":[{"href":"https:\/\/correiodoestadobahia.com.br\/index.php?rest_route=\/wp\/v2\/posts\/18981"}],"collection":[{"href":"https:\/\/correiodoestadobahia.com.br\/index.php?rest_route=\/wp\/v2\/posts"}],"about":[{"href":"https:\/\/correiodoestadobahia.com.br\/index.php?rest_route=\/wp\/v2\/types\/post"}],"author":[{"embeddable":true,"href":"https:\/\/correiodoestadobahia.com.br\/index.php?rest_route=\/wp\/v2\/users\/1"}],"replies":[{"embeddable":true,"href":"https:\/\/correiodoestadobahia.com.br\/index.php?rest_route=%2Fwp%2Fv2%2Fcomments&post=18981"}],"version-history":[{"count":1,"href":"https:\/\/correiodoestadobahia.com.br\/index.php?rest_route=\/wp\/v2\/posts\/18981\/revisions"}],"predecessor-version":[{"id":18991,"href":"https:\/\/correiodoestadobahia.com.br\/index.php?rest_route=\/wp\/v2\/posts\/18981\/revisions\/18991"}],"wp:featuredmedia":[{"embeddable":true,"href":"https:\/\/correiodoestadobahia.com.br\/index.php?rest_route=\/wp\/v2\/media\/18990"}],"wp:attachment":[{"href":"https:\/\/correiodoestadobahia.com.br\/index.php?rest_route=%2Fwp%2Fv2%2Fmedia&parent=18981"}],"wp:term":[{"taxonomy":"category","embeddable":true,"href":"https:\/\/correiodoestadobahia.com.br\/index.php?rest_route=%2Fwp%2Fv2%2Fcategories&post=18981"},{"taxonomy":"post_tag","embeddable":true,"href":"https:\/\/correiodoestadobahia.com.br\/index.php?rest_route=%2Fwp%2Fv2%2Ftags&post=18981"}],"curies":[{"name":"wp","href":"https:\/\/api.w.org\/{rel}","templated":true}]}}