{"id":18979,"date":"2026-08-29T11:49:00","date_gmt":"2026-08-29T14:49:00","guid":{"rendered":"http:\/\/correiodoestadobahia.com.br\/?p=18979"},"modified":"2026-08-30T11:50:57","modified_gmt":"2026-08-30T14:50:57","slug":"canetas-emagrecedoras-e-os-impactos-da-perda-de-peso-sobre-musculos-ossos-e-articulacoes-serao-discutidos-em-congresso-cientifico-no-brasil","status":"publish","type":"post","link":"https:\/\/correiodoestadobahia.com.br\/?p=18979","title":{"rendered":"Canetas emagrecedoras e os impactos da perda de peso sobre m\u00fasculos, ossos e articula\u00e7\u00f5es ser\u00e3o discutidos em congresso cient\u00edfico no Brasil"},"content":{"rendered":"\n<p>A expans\u00e3o do uso de novas terapias metab\u00f3licas vem transformando o tratamento de doen\u00e7as como obesidade, diabetes e ampliando as possibilidades de controle do peso, especialmente, no que se refere aos medicamentos baseados em agonistas do receptor GLP-1 e os inibidores de SGLT-2.&nbsp;<\/p>\n\n\n\n<p>Como garantir que os benef\u00edcios metab\u00f3licos sejam acompanhados da preserva\u00e7\u00e3o da sa\u00fade musculoesquel\u00e9tica ser\u00e1 um dos temas da mesa-redonda \u201cMetabolismo e osso: novas fronteiras da fragilidade musculoesquel\u00e9tica\u201d que acontecer\u00e1 durante o 43\u00ba Congresso Brasileiro de Reumatologia, promovido pela Sociedade Brasileira de Reumatologia (SBR) e pela Sociedade Paranaense de Reumatologia (SPR), entre os dias 2 e 5 de setembro, em Curitiba (PR).&nbsp;<\/p>\n\n\n\n<p>A discuss\u00e3o \u201cAl\u00e9m da glicose: o efeito das novas terapias metab\u00f3licas no sistema musculoesquel\u00e9tico\u201d, ser\u00e1 conduzida pela reumatologista Dra. Elaine de Azevedo, coordenadora da omiss\u00e3o de Osteoporose e Doen\u00e7as Osteometab\u00f3licas da SBR. A especialista abordar\u00e1 os poss\u00edveis impactos da perda de peso e das mudan\u00e7as metab\u00f3licas sobre m\u00fasculos, ossos e articula\u00e7\u00f5es.<\/p>\n\n\n\n<p>De acordo com a reumatologista, mais do que observar a redu\u00e7\u00e3o do peso corporal na balan\u00e7a, a avalia\u00e7\u00e3o do paciente precisa considerar a qualidade dessa perda, incluindo a preserva\u00e7\u00e3o da massa e da for\u00e7a muscular, a sa\u00fade \u00f3ssea, o risco de fraturas e poss\u00edveis repercuss\u00f5es funcionais e articulares. Apesar da redu\u00e7\u00e3o do peso desempenhar um papel importante na integridade articular em pacientes com Osteoartrite e de evid\u00eancias de melhoras no processo inflamat\u00f3rio. Ainda, segundo ela, a preocupa\u00e7\u00e3o \u00e9 relevante porque a manuten\u00e7\u00e3o da capacidade funcional e da for\u00e7a muscular \u00e9 fundamental para a autonomia e para a preven\u00e7\u00e3o da fragilidade musculoesquel\u00e9tica\u201d.<\/p>\n\n\n\n<p>Nesse cen\u00e1rio, medidas preventivas assumem papel estrat\u00e9gico. \u201cAtividade f\u00edsica regular, treinamento de for\u00e7a e ingest\u00e3o adequada de prote\u00ednas podem contribuir para a preserva\u00e7\u00e3o da massa e da fun\u00e7\u00e3o muscular durante o processo de perda de peso, sempre considerando as caracter\u00edsticas e necessidades individuais de cada paciente\u201d, afirma a reumatologista.<\/p>\n\n\n\n<p>A discuss\u00e3o refor\u00e7a, assim, uma mudan\u00e7a de perspectiva alertando que o sucesso das novas terapias metab\u00f3licas n\u00e3o deve ser avaliado apenas pela redu\u00e7\u00e3o da glicemia ou do peso. Para a especialista, compreender essas novas fronteiras \u00e9 fundamental. \u201c\u00c0 medida que medicamentos originalmente associados ao controle metab\u00f3lico passam a integrar cada vez mais o cuidado de pacientes com excesso de peso e altera\u00e7\u00f5es metab\u00f3licas, cresce tamb\u00e9m a necessidade de uma abordagem integrada, capaz de equilibrar os benef\u00edcios da perda de peso com a manuten\u00e7\u00e3o da sa\u00fade dos m\u00fasculos e dos ossos\u201d, ressalta.<\/p>\n\n\n\n<p>O Congresso Brasileiro de Reumatologia \u00e9 o principal evento cient\u00edfico da especialidade no pa\u00eds e re\u00fane m\u00e9dicos, pesquisadores e profissionais da sa\u00fade para discutir inova\u00e7\u00e3o, diagn\u00f3stico, tratamento, pol\u00edticas p\u00fablicas e novas perspectivas no cuidado das doen\u00e7as reum\u00e1ticas.<\/p>\n\n\n\n<p><strong>Doen\u00e7as reum\u00e1ticas no Brasil<\/strong><\/p>\n\n\n\n<p>Estima-se que as doen\u00e7as reum\u00e1ticas j\u00e1 afetam mais de 15 milh\u00f5es de brasileiros. Em geral, provocam muitas dores nos pacientes e representam uma das maiores causas de afastamento do trabalho e de aposentadorias por invalidez. Entre as principais doen\u00e7as reum\u00e1ticas est\u00e3o Artrite Reumatoide, Osteoartrite\/Artrose, Espondiloartrites, Artrite Psori\u00e1sica, Lombalgia, L\u00fapus Eritematoso Sist\u00eamico (LES), Fibromialgia, Osteoporose, Gota, Febre Reum\u00e1tica, Vasculites, Doen\u00e7a de Sj\u00f6gren, Doen\u00e7a de Beh\u00e7et e Esclerose Sist\u00eamica (ES). Muitas dessas condi\u00e7\u00f5es est\u00e3o entre as maiores causas de dor cr\u00f4nica, incapacidade funcional, afastamento do trabalho e perda de qualidade de vida.<\/p>\n\n\n\n<p><strong>Sobre a Sociedade Brasileira de Reumatologia (SBR)<\/strong><\/p>\n\n\n\n<p>A Sociedade Brasileira de Reumatologia (SBR) \u00e9 uma associa\u00e7\u00e3o civil cient\u00edfica de direito privado, sem fins lucrativos, fundada em 15 de julho de 1949, na cidade do Rio de Janeiro, pelos m\u00e9dicos Herrera Ramos, Waldemar Bianchi, Pedro Nava, Israel Bonomo, D\u00e9cio Olinto e outros, tendo mantido desde ent\u00e3o sua tradi\u00e7\u00e3o cient\u00edfica, acompanhando e promovendo o desenvolvimento da especialidade no Brasil e com um importante papel tamb\u00e9m internacional, especialmente entre os pa\u00edses da Am\u00e9rica Latina. Filiada \u00e0 Associa\u00e7\u00e3o M\u00e9dica Brasileira, conta em torno de 2 mil associados, congrega 26 sociedades regionais estaduais, assessorias e comiss\u00f5es cient\u00edficas e representa\u00e7\u00f5es em associa\u00e7\u00f5es nacionais e internacionais e junto ao Minist\u00e9rio da Sa\u00fade.<\/p>\n\n\n\n<p><strong>Servi\u00e7o<\/strong><\/p>\n\n\n\n<p><strong>43\u00ba Congresso Brasileiro de Reumatologia<\/strong><\/p>\n\n\n\n<p><strong>Data: 2 a 5 de setembro de 2026<\/strong><\/p>\n\n\n\n<p><strong>Local: Via Soft (Universidade Positivo)<\/strong><\/p>\n\n\n\n<p><strong><a href=\"https:\/\/www.google.com\/maps\/search\/Rua+Prof.+Pedro+Viriato+Parigot+de+Souza,+5300+%2F+Cidade+Industrial+de+Curitiba+-+Curitiba+(PR?entry=gmail&amp;source=g\">Rua Prof. Pedro Viriato Parigot de Souza, 5300 \/ Cidade Industrial de Curitiba &#8211; Curitiba (PR<\/a>)<\/strong><\/p>\n\n\n\n<p><strong>Confira a programa\u00e7\u00e3o completa no site:&nbsp;&nbsp;<\/strong><a href=\"https:\/\/sbr2026.com.br\/\" target=\"_blank\" rel=\"noreferrer noopener\"><strong>https:\/\/sbr2026.com.br\/<\/strong><\/a><strong>&nbsp;.<\/strong><\/p>\n\n\n\n<p><strong>@sociedadereumatologia<\/strong><\/p>\n\n\n\n<p><strong>@reumatologinsta<\/strong><\/p>\n","protected":false},"excerpt":{"rendered":"<div class=\"mh-excerpt\"><p>A expans\u00e3o do uso de novas terapias metab\u00f3licas vem transformando o tratamento de doen\u00e7as como obesidade, diabetes e ampliando as possibilidades de controle do peso, <a class=\"mh-excerpt-more\" href=\"https:\/\/correiodoestadobahia.com.br\/?p=18979\" title=\"Canetas emagrecedoras e os impactos da perda de peso sobre m\u00fasculos, ossos e articula\u00e7\u00f5es ser\u00e3o discutidos em congresso cient\u00edfico no Brasil\">[&#8230;]<\/a><\/p>\n<\/div>","protected":false},"author":1,"featured_media":17921,"comment_status":"open","ping_status":"open","sticky":false,"template":"","format":"standard","meta":[],"categories":[1],"tags":[],"jetpack_featured_media_url":"https:\/\/correiodoestadobahia.com.br\/wp-content\/uploads\/2026\/01\/medico.jpg","_links":{"self":[{"href":"https:\/\/correiodoestadobahia.com.br\/index.php?rest_route=\/wp\/v2\/posts\/18979"}],"collection":[{"href":"https:\/\/correiodoestadobahia.com.br\/index.php?rest_route=\/wp\/v2\/posts"}],"about":[{"href":"https:\/\/correiodoestadobahia.com.br\/index.php?rest_route=\/wp\/v2\/types\/post"}],"author":[{"embeddable":true,"href":"https:\/\/correiodoestadobahia.com.br\/index.php?rest_route=\/wp\/v2\/users\/1"}],"replies":[{"embeddable":true,"href":"https:\/\/correiodoestadobahia.com.br\/index.php?rest_route=%2Fwp%2Fv2%2Fcomments&post=18979"}],"version-history":[{"count":1,"href":"https:\/\/correiodoestadobahia.com.br\/index.php?rest_route=\/wp\/v2\/posts\/18979\/revisions"}],"predecessor-version":[{"id":18980,"href":"https:\/\/correiodoestadobahia.com.br\/index.php?rest_route=\/wp\/v2\/posts\/18979\/revisions\/18980"}],"wp:featuredmedia":[{"embeddable":true,"href":"https:\/\/correiodoestadobahia.com.br\/index.php?rest_route=\/wp\/v2\/media\/17921"}],"wp:attachment":[{"href":"https:\/\/correiodoestadobahia.com.br\/index.php?rest_route=%2Fwp%2Fv2%2Fmedia&parent=18979"}],"wp:term":[{"taxonomy":"category","embeddable":true,"href":"https:\/\/correiodoestadobahia.com.br\/index.php?rest_route=%2Fwp%2Fv2%2Fcategories&post=18979"},{"taxonomy":"post_tag","embeddable":true,"href":"https:\/\/correiodoestadobahia.com.br\/index.php?rest_route=%2Fwp%2Fv2%2Ftags&post=18979"}],"curies":[{"name":"wp","href":"https:\/\/api.w.org\/{rel}","templated":true}]}}