{"id":18453,"date":"2026-04-30T22:32:28","date_gmt":"2026-05-01T01:32:28","guid":{"rendered":"http:\/\/correiodoestadobahia.com.br\/?p=18453"},"modified":"2026-04-30T22:32:29","modified_gmt":"2026-05-01T01:32:29","slug":"camara-de-teixeira-de-freitas-sustenta-legalidade-da-reeleicao-da-mesa-diante-de-questionamento-do-mp","status":"publish","type":"post","link":"https:\/\/correiodoestadobahia.com.br\/?p=18453","title":{"rendered":"C\u00e2mara de Teixeira de Freitas sustenta legalidade da reelei\u00e7\u00e3o da Mesa diante de questionamento do MP"},"content":{"rendered":"\n<p>A reelei\u00e7\u00e3o do presidente da C\u00e2mara Municipal de Teixeira de Freitas, vereador Jonatas Santos (UB), para o bi\u00eanio 2027-2028, tornou-se alvo de questionamento e abriu um intenso debate jur\u00eddico e institucional nas \u00faltimas horas. A discuss\u00e3o foi impulsionada pela Recomenda\u00e7\u00e3o n\u00ba 708.9.85644\/2026, expedida nesta quinta-feira (30\/04) pelo promotor de Justi\u00e7a Jos\u00e9 Dutra de Lima Junior, respons\u00e1vel pela 5\u00aa Promotoria P\u00fablica de Cidadania e Prote\u00e7\u00e3o \u00e0 Moralidade e ao Patrim\u00f4nio P\u00fablico e C\u00edvel da 1\u00aa Vara do munic\u00edpio, na qual ele contesta a legalidade do processo eleitoral interno do Legislativo e solicita a anula\u00e7\u00e3o da elei\u00e7\u00e3o realizada.<\/p>\n\n\n\n<p>Contudo, uma an\u00e1lise mais aprofundada dos fundamentos legais e constitucionais indica que o ato da C\u00e2mara Municipal encontra respaldo consistente no ordenamento jur\u00eddico vigente. De in\u00edcio, \u00e9 fundamental esclarecer que a reelei\u00e7\u00e3o da Mesa Diretora n\u00e3o decorreu de iniciativa unilateral do presidente da Casa. Ao contr\u00e1rio, tratou-se do cumprimento estrito de normas previamente estabelecidas na Lei Org\u00e2nica Municipal e no Regimento Interno do Poder Legislativo, normas aprovadas e sancionadas de forma leg\u00edtima, com respaldo democr\u00e1tico e vigentes muito antes da consolida\u00e7\u00e3o recente de entendimentos do Supremo Tribunal Federal (STF) sobre o tema.<\/p>\n\n\n\n<p>Um dos principais pontos levantados por especialistas do direito p\u00fablico e administrativo diz respeito \u00e0 inadequa\u00e7\u00e3o do instrumento utilizado pela Promotoria de Justi\u00e7a. A recomenda\u00e7\u00e3o ministerial, por sua natureza administrativa, n\u00e3o possui for\u00e7a para invalidar atos legislativos amparados em norma org\u00e2nica vigente. O pr\u00f3prio STF j\u00e1 consolidou o entendimento de que mat\u00e9rias relativas \u00e0 organiza\u00e7\u00e3o interna das C\u00e2maras Municipais devem ser apreciadas, quando cab\u00edvel, pelos Tribunais de Justi\u00e7a estaduais, por meio de representa\u00e7\u00e3o de inconstitucionalidade, e n\u00e3o por controle abstrato federal ou atos administrativos unilaterais. \u201cAssim, se nem mesmo o STF pode exercer controle direto sobre leis org\u00e2nicas municipais nesse contexto, menos ainda poderia faz\u00ea-lo o Minist\u00e9rio P\u00fablico por meio de recomenda\u00e7\u00e3o, sem o devido contradit\u00f3rio e sem a via judicial adequada\u201d, assim entende a maioria dos especialistas ouvidos por nossa reportagem.<\/p>\n\n\n\n<p>Outro ponto central da defesa da legalidade do ato est\u00e1 na distin\u00e7\u00e3o t\u00e9cnica entre o caso de Teixeira de Freitas e os precedentes invocados pela Promotoria de Justi\u00e7a. O entendimento recente do STF que vedou determinadas pr\u00e1ticas de reelei\u00e7\u00e3o em assembleias legislativas estaduais teve como foco a possibilidade de manipula\u00e7\u00e3o do calend\u00e1rio eleitoral, ou seja, a antecipa\u00e7\u00e3o estrat\u00e9gica das elei\u00e7\u00f5es.<\/p>\n\n\n\n<p>Data Fixa<\/p>\n\n\n\n<p>No entanto, a legisla\u00e7\u00e3o de Teixeira de Freitas estabelece uma data fixa, objetiva e obrigat\u00f3ria para a elei\u00e7\u00e3o da Mesa Diretora: a \u00faltima reuni\u00e3o ordin\u00e1ria de fevereiro da segunda sess\u00e3o legislativa. N\u00e3o h\u00e1 margem para escolha pol\u00edtica ou antecipa\u00e7\u00e3o por conveni\u00eancia. Trata-se de norma cogente, que elimina exatamente o v\u00edcio combatido pelo Supremo Tribunal Federal. A interpreta\u00e7\u00e3o adotada pela Promotoria tamb\u00e9m \u00e9 questionada por especialistas ao misturar conceitos distintos.<\/p>\n\n\n\n<p>O STF, ao tratar da possibilidade de uma \u00fanica recondu\u00e7\u00e3o, n\u00e3o estendeu automaticamente \u00e0s C\u00e2maras Municipais a tese relacionada ao momento da elei\u00e7\u00e3o. A amplia\u00e7\u00e3o expressa da Corte, at\u00e9 o momento, limita-se \u00e0 recondu\u00e7\u00e3o, e n\u00e3o \u00e0 fixa\u00e7\u00e3o temporal do pleito. Portanto, aplicar de forma autom\u00e1tica a jurisprud\u00eancia das Assembleias Legislativas estaduais ao contexto municipal representa uma extrapola\u00e7\u00e3o interpretativa sem respaldo direto em decis\u00e3o colegiada do STF com efeito vinculante. Chama aten\u00e7\u00e3o ainda o fato de que o Minist\u00e9rio P\u00fablico n\u00e3o atuou preventivamente durante a tramita\u00e7\u00e3o da norma que estabeleceu o calend\u00e1rio eleitoral em abril de 2025. A aus\u00eancia de manifesta\u00e7\u00e3o por quase um ano contribuiu para consolidar a confian\u00e7a leg\u00edtima do Legislativo na validade da regra. A tentativa de invalida\u00e7\u00e3o posterior, nesse cen\u00e1rio, levanta questionamentos sobre proporcionalidade e coer\u00eancia institucional.<\/p>\n\n\n\n<p>Especialistas<\/p>\n\n\n\n<p>Para o advogado Hebert Chagas, procurador-geral da C\u00e2mara Municipal de Teixeira de Freitas, a boa f\u00e9 e a seguran\u00e7a jur\u00eddica do processo de reelei\u00e7\u00e3o \u00e9 leg\u00edtimo: \u201cO que precisa ficar absolutamente claro \u00e9 que a reelei\u00e7\u00e3o da Mesa Diretora da C\u00e2mara Municipal de Teixeira de Freitas n\u00e3o decorreu de qualquer ato isolado ou vontade pessoal do presidente da Casa. Trata-se, na verdade, do fiel cumprimento da Lei Org\u00e2nica Municipal e do Regimento Interno do Poder Legislativo, normas leg\u00edtimas, regularmente aprovadas e em plena vig\u00eancia \u00e0 \u00e9poca dos fatos. Estamos diante de um procedimento institucional, previamente estabelecido, cuja base legal \u00e9 anterior a qualquer entendimento posterior firmado pelo Supremo Tribunal Federal, o que refor\u00e7a, de maneira inequ\u00edvoca, a boa-f\u00e9, a legalidade e a seguran\u00e7a jur\u00eddica do ato praticado\u201d.<\/p>\n\n\n\n<p>Para o advogado p\u00fablico Clebson Ribeiro Porto, a cronologia dos fatos refor\u00e7a a legalidade do processo. A norma que rege a elei\u00e7\u00e3o foi regulamentada em 29 de abril de 2025, e a elei\u00e7\u00e3o ocorreu em 24 de fevereiro de 2026, anteriores ao julgamento espec\u00edfico utilizado como fundamento pela Promotoria de Justi\u00e7a, ocorrido apenas em abril de 2026. \u201cNesse contexto, a tentativa de aplicar retroativamente um entendimento posterior afronta princ\u00edpios constitucionais essenciais, como a seguran\u00e7a jur\u00eddica, a prote\u00e7\u00e3o da confian\u00e7a leg\u00edtima e a boa-f\u00e9 objetiva. O pr\u00f3prio STF, em diversos precedentes, tem adotado a modula\u00e7\u00e3o de efeitos justamente para preservar atos praticados sob a vig\u00eancia de interpreta\u00e7\u00f5es anteriores.<\/p>\n\n\n\n<p>Outro aspecto relevante \u00e9 a diferen\u00e7a estrutural entre c\u00e2maras municipais e assembleias legislativas. Enquanto nos legislativos estaduais h\u00e1 maior rotatividade de parlamentares, com licen\u00e7as, substitui\u00e7\u00f5es e mudan\u00e7as de composi\u00e7\u00e3o -, nas c\u00e2maras municipais essa rotatividade \u00e9 m\u00ednima ou inexistente. No caso de Teixeira de Freitas, a mesma composi\u00e7\u00e3o parlamentar que participou da elei\u00e7\u00e3o da Mesa ser\u00e1 a respons\u00e1vel por conduzir o bi\u00eanio seguinte. Isso afasta o risco de \u201ccaptura por maioria circunstancial\u201d, que motivou as decis\u00f5es do STF em outros contextos.<\/p>\n\n\n\n<p>A eventual utiliza\u00e7\u00e3o de decis\u00f5es monocr\u00e1ticas como fundamento tamb\u00e9m \u00e9 vista com cautela. Casos isolados, ainda pass\u00edveis de revis\u00e3o, n\u00e3o possuem efeito vinculante geral e n\u00e3o podem ser automaticamente aplicados a realidades distintas. Al\u00e9m disso, a anula\u00e7\u00e3o da elei\u00e7\u00e3o poderia gerar graves consequ\u00eancias pr\u00e1ticas: um v\u00e1cuo administrativo de meses, inseguran\u00e7a jur\u00eddica sobre atos legislativos e preju\u00edzos \u00e0 continuidade das atividades parlamentares. Tais efeitos colidem diretamente com os princ\u00edpios da efici\u00eancia e da estabilidade institucional.<\/p>\n\n\n\n<p>Para o advogado Clebson Ribeiro, diante do conjunto de argumentos jur\u00eddicos, a reelei\u00e7\u00e3o da Mesa Diretora da C\u00e2mara de Teixeira de Freitas apresenta-se como ato leg\u00edtimo, fundamentado em norma vigente, aprovado de forma democr\u00e1tica e realizado sob a \u00e9gide da boa-f\u00e9 institucional. A controv\u00e9rsia, longe de ser apenas um embate pontual, evidencia a necessidade de respeito \u00e0s compet\u00eancias constitucionais, \u00e0 autonomia dos entes municipais e \u00e0 seguran\u00e7a jur\u00eddica &#8211; pilares essenciais para o equil\u00edbrio entre os Poderes e a estabilidade das institui\u00e7\u00f5es democr\u00e1ticas.<\/p>\n\n\n\n<p>O presidente<\/p>\n\n\n\n<p>O presidente da C\u00e2mara Municipal de Teixeira de Freitas, vereador Jonatas Santos, afirmou que recebeu com tranquilidade a recomenda\u00e7\u00e3o do Minist\u00e9rio P\u00fablico, destacando que j\u00e1 esperava manifesta\u00e7\u00f5es dessa natureza diante do atual cen\u00e1rio pol\u00edtico. Segundo ele, \u00e9 natural que posicionamentos institucionais surjam, inclusive impulsionados por diverg\u00eancias, mas refor\u00e7ou confian\u00e7a na legalidade dos atos praticados e na legitimidade do processo. \u201cRecebo com serenidade, pois sabemos que faz parte do ambiente democr\u00e1tico. Tenho f\u00e9 em Deus, confio na for\u00e7a do povo de Teixeira de Freitas e na corre\u00e7\u00e3o das nossas a\u00e7\u00f5es. No momento oportuno e dentro do prazo legal, apresentaremos nossa resposta, com responsabilidade e respeito \u00e0s institui\u00e7\u00f5es, mantendo nosso compromisso com a unidade da Casa e com o avan\u00e7o do nosso munic\u00edpio\u201d, declarou.<\/p>\n","protected":false},"excerpt":{"rendered":"<div class=\"mh-excerpt\"><p>A reelei\u00e7\u00e3o do presidente da C\u00e2mara Municipal de Teixeira de Freitas, vereador Jonatas Santos (UB), para o bi\u00eanio 2027-2028, tornou-se alvo de questionamento e abriu <a class=\"mh-excerpt-more\" href=\"https:\/\/correiodoestadobahia.com.br\/?p=18453\" title=\"C\u00e2mara de Teixeira de Freitas sustenta legalidade da reelei\u00e7\u00e3o da Mesa diante de questionamento do MP\">[&#8230;]<\/a><\/p>\n<\/div>","protected":false},"author":1,"featured_media":17066,"comment_status":"open","ping_status":"open","sticky":false,"template":"","format":"standard","meta":[],"categories":[7],"tags":[],"jetpack_featured_media_url":"https:\/\/correiodoestadobahia.com.br\/wp-content\/uploads\/2025\/08\/camaratx.jpg","_links":{"self":[{"href":"https:\/\/correiodoestadobahia.com.br\/index.php?rest_route=\/wp\/v2\/posts\/18453"}],"collection":[{"href":"https:\/\/correiodoestadobahia.com.br\/index.php?rest_route=\/wp\/v2\/posts"}],"about":[{"href":"https:\/\/correiodoestadobahia.com.br\/index.php?rest_route=\/wp\/v2\/types\/post"}],"author":[{"embeddable":true,"href":"https:\/\/correiodoestadobahia.com.br\/index.php?rest_route=\/wp\/v2\/users\/1"}],"replies":[{"embeddable":true,"href":"https:\/\/correiodoestadobahia.com.br\/index.php?rest_route=%2Fwp%2Fv2%2Fcomments&post=18453"}],"version-history":[{"count":1,"href":"https:\/\/correiodoestadobahia.com.br\/index.php?rest_route=\/wp\/v2\/posts\/18453\/revisions"}],"predecessor-version":[{"id":18454,"href":"https:\/\/correiodoestadobahia.com.br\/index.php?rest_route=\/wp\/v2\/posts\/18453\/revisions\/18454"}],"wp:featuredmedia":[{"embeddable":true,"href":"https:\/\/correiodoestadobahia.com.br\/index.php?rest_route=\/wp\/v2\/media\/17066"}],"wp:attachment":[{"href":"https:\/\/correiodoestadobahia.com.br\/index.php?rest_route=%2Fwp%2Fv2%2Fmedia&parent=18453"}],"wp:term":[{"taxonomy":"category","embeddable":true,"href":"https:\/\/correiodoestadobahia.com.br\/index.php?rest_route=%2Fwp%2Fv2%2Fcategories&post=18453"},{"taxonomy":"post_tag","embeddable":true,"href":"https:\/\/correiodoestadobahia.com.br\/index.php?rest_route=%2Fwp%2Fv2%2Ftags&post=18453"}],"curies":[{"name":"wp","href":"https:\/\/api.w.org\/{rel}","templated":true}]}}