{"id":18451,"date":"2026-04-30T21:34:42","date_gmt":"2026-05-01T00:34:42","guid":{"rendered":"http:\/\/correiodoestadobahia.com.br\/?p=18451"},"modified":"2026-04-30T21:34:42","modified_gmt":"2026-05-01T00:34:42","slug":"presidente-jonatas-defende-projetos-voltados-ao-desenvolvimento-social-e-urbano-do-municipio","status":"publish","type":"post","link":"https:\/\/correiodoestadobahia.com.br\/?p=18451","title":{"rendered":"Presidente Jonatas defende projetos voltados ao desenvolvimento social e urbano do munic\u00edpio"},"content":{"rendered":"\n<p>Na sess\u00e3o ordin\u00e1ria realizada na \u00faltima ter\u00e7a-feira (28), no plen\u00e1rio Francist\u00f4nio Alves Pinto, da C\u00e2mara Municipal de Teixeira de Freitas, o presidente da Casa, vereador Jonatas dos Santos, teve participa\u00e7\u00e3o ativa ao apresentar e defender importantes propostas voltadas ao desenvolvimento social e urbano do munic\u00edpio. Na ocasi\u00e3o, o chefe do Legislativo cedeu a condu\u00e7\u00e3o dos trabalhos ao vereador Bruno Barbosa.<\/p>\n\n\n\n<p>Ao utilizar a tribuna, Jonatas Santos destacou o compromisso com a constru\u00e7\u00e3o de pol\u00edticas p\u00fablicas inclusivas e com a melhoria da infraestrutura urbana. Entre as mat\u00e9rias apresentadas, est\u00e1 a&nbsp;<strong>Indica\u00e7\u00e3o n\u00ba 169\/2026<\/strong>, de 13 de abril de 2026, que solicita ao Executivo Municipal a reconstru\u00e7\u00e3o da Pra\u00e7a Cear\u00e1, localizada no bairro S\u00e3o Pedro. O projeto prev\u00ea a implanta\u00e7\u00e3o de quadra de futebol society, campo de futebol, pista de corrida e caminhada, quiosques para alimenta\u00e7\u00e3o, instala\u00e7\u00f5es sanit\u00e1rias, academia ao ar livre e parque infantil.<\/p>\n\n\n\n<p>A indica\u00e7\u00e3o foi aprovada pelo plen\u00e1rio e segue agora para an\u00e1lise de viabilidade por parte da Prefeitura.<\/p>\n\n\n\n<p>Al\u00e9m disso, o presidente apresentou o&nbsp;<strong>Projeto de Lei do Legislativo n\u00ba 59\/2026<\/strong>, que institui o programa \u201cKit Maternidade\u201d no munic\u00edpio. A proposta prev\u00ea a concess\u00e3o de itens essenciais ao rec\u00e9m-nascido para m\u00e3es atendidas na rede p\u00fablica de sa\u00fade, com o objetivo de contribuir para a redu\u00e7\u00e3o das desigualdades sociais.<\/p>\n\n\n\n<p>Outro destaque foi o&nbsp;<strong>Projeto de Lei n\u00ba 60\/2026<\/strong>, que disp\u00f5e sobre a concess\u00e3o de tempo m\u00ednimo de toler\u00e2ncia para pessoas com defici\u00eancia ou mobilidade reduzida na cobran\u00e7a de estacionamento em estabelecimentos comerciais, ampliando a acessibilidade e os direitos desse p\u00fablico.<\/p>\n\n\n\n<p>Jonatas Santos tamb\u00e9m apresentou o&nbsp;<strong>Projeto de Lei n\u00ba 61\/2026<\/strong>, que autoriza o Poder Executivo a implantar o programa \u201cLibras Conectadas\u201d. A iniciativa prop\u00f5e a oferta de atendimento remoto, por meio de videochamadas com int\u00e9rpretes de Libras, para pessoas surdas ou com defici\u00eancia auditiva nos \u00f3rg\u00e3os p\u00fablicos municipais.<\/p>\n\n\n\n<p>Os projetos de lei seguem agora para an\u00e1lise das comiss\u00f5es permanentes da C\u00e2mara Municipal e, posteriormente, retornar\u00e3o ao plen\u00e1rio para discuss\u00e3o e vota\u00e7\u00e3o.<\/p>\n\n\n\n<p>Ao final de sua fala, o presidente reafirmou o compromisso com pautas que promovam inclus\u00e3o, cidadania e qualidade de vida para a popula\u00e7\u00e3o de Teixeira de Freitas.<\/p>\n","protected":false},"excerpt":{"rendered":"<div class=\"mh-excerpt\"><p>Na sess\u00e3o ordin\u00e1ria realizada na \u00faltima ter\u00e7a-feira (28), no plen\u00e1rio Francist\u00f4nio Alves Pinto, da C\u00e2mara Municipal de Teixeira de Freitas, o presidente da Casa, vereador <a class=\"mh-excerpt-more\" href=\"https:\/\/correiodoestadobahia.com.br\/?p=18451\" title=\"Presidente Jonatas defende projetos voltados ao desenvolvimento social e urbano do munic\u00edpio\">[&#8230;]<\/a><\/p>\n<\/div>","protected":false},"author":1,"featured_media":15775,"comment_status":"open","ping_status":"open","sticky":false,"template":"","format":"standard","meta":[],"categories":[7],"tags":[],"jetpack_featured_media_url":"https:\/\/correiodoestadobahia.com.br\/wp-content\/uploads\/2025\/02\/jonatassantos.jpg","_links":{"self":[{"href":"https:\/\/correiodoestadobahia.com.br\/index.php?rest_route=\/wp\/v2\/posts\/18451"}],"collection":[{"href":"https:\/\/correiodoestadobahia.com.br\/index.php?rest_route=\/wp\/v2\/posts"}],"about":[{"href":"https:\/\/correiodoestadobahia.com.br\/index.php?rest_route=\/wp\/v2\/types\/post"}],"author":[{"embeddable":true,"href":"https:\/\/correiodoestadobahia.com.br\/index.php?rest_route=\/wp\/v2\/users\/1"}],"replies":[{"embeddable":true,"href":"https:\/\/correiodoestadobahia.com.br\/index.php?rest_route=%2Fwp%2Fv2%2Fcomments&post=18451"}],"version-history":[{"count":1,"href":"https:\/\/correiodoestadobahia.com.br\/index.php?rest_route=\/wp\/v2\/posts\/18451\/revisions"}],"predecessor-version":[{"id":18452,"href":"https:\/\/correiodoestadobahia.com.br\/index.php?rest_route=\/wp\/v2\/posts\/18451\/revisions\/18452"}],"wp:featuredmedia":[{"embeddable":true,"href":"https:\/\/correiodoestadobahia.com.br\/index.php?rest_route=\/wp\/v2\/media\/15775"}],"wp:attachment":[{"href":"https:\/\/correiodoestadobahia.com.br\/index.php?rest_route=%2Fwp%2Fv2%2Fmedia&parent=18451"}],"wp:term":[{"taxonomy":"category","embeddable":true,"href":"https:\/\/correiodoestadobahia.com.br\/index.php?rest_route=%2Fwp%2Fv2%2Fcategories&post=18451"},{"taxonomy":"post_tag","embeddable":true,"href":"https:\/\/correiodoestadobahia.com.br\/index.php?rest_route=%2Fwp%2Fv2%2Ftags&post=18451"}],"curies":[{"name":"wp","href":"https:\/\/api.w.org\/{rel}","templated":true}]}}