{"id":18445,"date":"2026-04-29T15:26:56","date_gmt":"2026-04-29T18:26:56","guid":{"rendered":"http:\/\/correiodoestadobahia.com.br\/?p=18445"},"modified":"2026-04-29T15:26:57","modified_gmt":"2026-04-29T18:26:57","slug":"parabenizamos-o-tenente-coronel-souza-lima-comandante-do-13o-beic-pelo-seu-aniversario","status":"publish","type":"post","link":"https:\/\/correiodoestadobahia.com.br\/?p=18445","title":{"rendered":"Parabenizamos o Tenente-Coronel Souza Lima, Comandante do 13\u00ba BEIC pelo seu anivers\u00e1rio"},"content":{"rendered":"\n<p>O Tenente-Coronel Souza Lima, comandante do 13\u00ba BEIC, celebra mais um ano de vida e recebe homenagens pelo trabalho relevante que vem desenvolvendo \u00e0 frente da unidade.<\/p>\n\n\n\n<p>Reconhecido pela lideran\u00e7a, compromisso e responsabilidade, Tenente-Coronel Souza Lima tem se destacado pela condu\u00e7\u00e3o firme e estrat\u00e9gica das a\u00e7\u00f5es, contribuindo diretamente para o fortalecimento da seguran\u00e7a na regi\u00e3o. Sua atua\u00e7\u00e3o vai al\u00e9m do comando, sendo marcada tamb\u00e9m pela sensibilidade com causas que impactam positivamente a sociedade.<\/p>\n\n\n\n<p>A data \u00e9 marcada por manifesta\u00e7\u00f5es de respeito e admira\u00e7\u00e3o, com votos de sa\u00fade, sabedoria e ainda mais conquistas em sua trajet\u00f3ria pessoal e profissional.<\/p>\n","protected":false},"excerpt":{"rendered":"<div class=\"mh-excerpt\"><p>O Tenente-Coronel Souza Lima, comandante do 13\u00ba BEIC, celebra mais um ano de vida e recebe homenagens pelo trabalho relevante que vem desenvolvendo \u00e0 frente <a class=\"mh-excerpt-more\" href=\"https:\/\/correiodoestadobahia.com.br\/?p=18445\" title=\"Parabenizamos o Tenente-Coronel Souza Lima, Comandante do 13\u00ba BEIC pelo seu anivers\u00e1rio\">[&#8230;]<\/a><\/p>\n<\/div>","protected":false},"author":1,"featured_media":18446,"comment_status":"open","ping_status":"open","sticky":false,"template":"","format":"standard","meta":[],"categories":[1],"tags":[],"jetpack_featured_media_url":"https:\/\/correiodoestadobahia.com.br\/wp-content\/uploads\/2026\/04\/76925149-af95-4e2b-81fa-32f6e7180a4b.jpg","_links":{"self":[{"href":"https:\/\/correiodoestadobahia.com.br\/index.php?rest_route=\/wp\/v2\/posts\/18445"}],"collection":[{"href":"https:\/\/correiodoestadobahia.com.br\/index.php?rest_route=\/wp\/v2\/posts"}],"about":[{"href":"https:\/\/correiodoestadobahia.com.br\/index.php?rest_route=\/wp\/v2\/types\/post"}],"author":[{"embeddable":true,"href":"https:\/\/correiodoestadobahia.com.br\/index.php?rest_route=\/wp\/v2\/users\/1"}],"replies":[{"embeddable":true,"href":"https:\/\/correiodoestadobahia.com.br\/index.php?rest_route=%2Fwp%2Fv2%2Fcomments&post=18445"}],"version-history":[{"count":1,"href":"https:\/\/correiodoestadobahia.com.br\/index.php?rest_route=\/wp\/v2\/posts\/18445\/revisions"}],"predecessor-version":[{"id":18447,"href":"https:\/\/correiodoestadobahia.com.br\/index.php?rest_route=\/wp\/v2\/posts\/18445\/revisions\/18447"}],"wp:featuredmedia":[{"embeddable":true,"href":"https:\/\/correiodoestadobahia.com.br\/index.php?rest_route=\/wp\/v2\/media\/18446"}],"wp:attachment":[{"href":"https:\/\/correiodoestadobahia.com.br\/index.php?rest_route=%2Fwp%2Fv2%2Fmedia&parent=18445"}],"wp:term":[{"taxonomy":"category","embeddable":true,"href":"https:\/\/correiodoestadobahia.com.br\/index.php?rest_route=%2Fwp%2Fv2%2Fcategories&post=18445"},{"taxonomy":"post_tag","embeddable":true,"href":"https:\/\/correiodoestadobahia.com.br\/index.php?rest_route=%2Fwp%2Fv2%2Ftags&post=18445"}],"curies":[{"name":"wp","href":"https:\/\/api.w.org\/{rel}","templated":true}]}}