{"id":18439,"date":"2026-04-29T02:01:29","date_gmt":"2026-04-29T05:01:29","guid":{"rendered":"http:\/\/correiodoestadobahia.com.br\/?p=18439"},"modified":"2026-04-29T02:01:30","modified_gmt":"2026-04-29T05:01:30","slug":"acm-neto-firma-parceria-politica-com-empresario-de-america-dourada-visando-eleicoes-de-2026-e-2028","status":"publish","type":"post","link":"https:\/\/correiodoestadobahia.com.br\/?p=18439","title":{"rendered":"ACM Neto firma parceria pol\u00edtica com empres\u00e1rio de Am\u00e9rica Dourada visando elei\u00e7\u00f5es de 2026 e 2028"},"content":{"rendered":"\n<p>O pr\u00e9-candidato ao Governo da Bahia, ACM Neto, recebeu em Salvador o empres\u00e1rio Heitor Duarte, natural do munic\u00edpio de Am\u00e9rica Dourada, em um encontro que resultou na formaliza\u00e7\u00e3o de uma parceria pol\u00edtica com foco nas elei\u00e7\u00f5es de 2026 e 2028.<\/p>\n\n\n\n<p>Conhecido popularmente como Heitor do Aras, o empres\u00e1rio \u00e9 respons\u00e1vel pelo empreendimento Rotieh, um espa\u00e7o voltado para lazer, divers\u00e3o e eventos na regi\u00e3o de Am\u00e9rica Dourada. O local \u00e9 descrito como um verdadeiro ref\u00fagio de alto padr\u00e3o, oferecendo conforto, privacidade e uma estrutura sofisticada, voltada para receber eventos e momentos de entretenimento.<\/p>\n\n\n\n<p>Durante a reuni\u00e3o, ficou definido que Heitor Duarte ir\u00e1 apoiar o projeto pol\u00edtico de ACM Neto na disputa pelo governo do estado nas elei\u00e7\u00f5es de 2026, fortalecendo a base do pr\u00e9-candidato na regi\u00e3o de Irec\u00ea e ampliando sua articula\u00e7\u00e3o no interior baiano.<\/p>\n\n\n\n<p>Em contrapartida, o ex-prefeito de Salvador assumiu o compromisso de apoiar o nome de Heitor Duarte em uma poss\u00edvel candidatura \u00e0 Prefeitura de Am\u00e9rica Dourada nas elei\u00e7\u00f5es municipais de 2028. A articula\u00e7\u00e3o j\u00e1 \u00e9 vista como estrat\u00e9gica, considerando a influ\u00eancia do empres\u00e1rio no setor econ\u00f4mico e social da regi\u00e3o.<\/p>\n\n\n\n<p>O encontro refor\u00e7a o movimento de ACM Neto em consolidar alian\u00e7as importantes no interior da Bahia, buscando ampliar sua base de sustenta\u00e7\u00e3o pol\u00edtica para o &nbsp;pleito estadual. A aproxima\u00e7\u00e3o com lideran\u00e7as locais tem sido uma das principais estrat\u00e9gias do pr\u00e9-candidato, que vem intensificando agendas e reuni\u00f5es em diversas regi\u00f5es do estado.<\/p>\n\n\n\n<p>Nos bastidores, a parceria \u00e9 considerada um passo importante na constru\u00e7\u00e3o de um grupo pol\u00edtico competitivo tanto para 2026 quanto para o cen\u00e1rio municipal de 2028, especialmente em munic\u00edpios estrat\u00e9gicos do interior.<\/p>\n","protected":false},"excerpt":{"rendered":"<div class=\"mh-excerpt\"><p>O pr\u00e9-candidato ao Governo da Bahia, ACM Neto, recebeu em Salvador o empres\u00e1rio Heitor Duarte, natural do munic\u00edpio de Am\u00e9rica Dourada, em um encontro que <a class=\"mh-excerpt-more\" href=\"https:\/\/correiodoestadobahia.com.br\/?p=18439\" title=\"ACM Neto firma parceria pol\u00edtica com empres\u00e1rio de Am\u00e9rica Dourada visando elei\u00e7\u00f5es de 2026 e 2028\">[&#8230;]<\/a><\/p>\n<\/div>","protected":false},"author":1,"featured_media":18440,"comment_status":"open","ping_status":"open","sticky":false,"template":"","format":"standard","meta":[],"categories":[7,1],"tags":[],"jetpack_featured_media_url":"https:\/\/correiodoestadobahia.com.br\/wp-content\/uploads\/2026\/04\/image-24.png","_links":{"self":[{"href":"https:\/\/correiodoestadobahia.com.br\/index.php?rest_route=\/wp\/v2\/posts\/18439"}],"collection":[{"href":"https:\/\/correiodoestadobahia.com.br\/index.php?rest_route=\/wp\/v2\/posts"}],"about":[{"href":"https:\/\/correiodoestadobahia.com.br\/index.php?rest_route=\/wp\/v2\/types\/post"}],"author":[{"embeddable":true,"href":"https:\/\/correiodoestadobahia.com.br\/index.php?rest_route=\/wp\/v2\/users\/1"}],"replies":[{"embeddable":true,"href":"https:\/\/correiodoestadobahia.com.br\/index.php?rest_route=%2Fwp%2Fv2%2Fcomments&post=18439"}],"version-history":[{"count":1,"href":"https:\/\/correiodoestadobahia.com.br\/index.php?rest_route=\/wp\/v2\/posts\/18439\/revisions"}],"predecessor-version":[{"id":18441,"href":"https:\/\/correiodoestadobahia.com.br\/index.php?rest_route=\/wp\/v2\/posts\/18439\/revisions\/18441"}],"wp:featuredmedia":[{"embeddable":true,"href":"https:\/\/correiodoestadobahia.com.br\/index.php?rest_route=\/wp\/v2\/media\/18440"}],"wp:attachment":[{"href":"https:\/\/correiodoestadobahia.com.br\/index.php?rest_route=%2Fwp%2Fv2%2Fmedia&parent=18439"}],"wp:term":[{"taxonomy":"category","embeddable":true,"href":"https:\/\/correiodoestadobahia.com.br\/index.php?rest_route=%2Fwp%2Fv2%2Fcategories&post=18439"},{"taxonomy":"post_tag","embeddable":true,"href":"https:\/\/correiodoestadobahia.com.br\/index.php?rest_route=%2Fwp%2Fv2%2Ftags&post=18439"}],"curies":[{"name":"wp","href":"https:\/\/api.w.org\/{rel}","templated":true}]}}