{"id":18436,"date":"2026-04-28T13:52:07","date_gmt":"2026-04-28T16:52:07","guid":{"rendered":"http:\/\/correiodoestadobahia.com.br\/?p=18436"},"modified":"2026-04-28T13:52:08","modified_gmt":"2026-04-28T16:52:08","slug":"pmba-prende-tres-homens-suspeitos-de-furto-de-madeira-em-teixeira-de-fretias-dois-caminhoes-e-duas-motosserras-foram-apreendidos","status":"publish","type":"post","link":"https:\/\/correiodoestadobahia.com.br\/?p=18436","title":{"rendered":"PMBA prende tr\u00eas homens suspeitos de furto de madeira em Teixeira de Fretias; dois caminh\u00f5es e duas motosserras foram apreendidos"},"content":{"rendered":"\n<p>A Pol\u00edcia Militar prendeu tr\u00eas homens na tarde deste s\u00e1bado (25), por volta das 13h, suspeitos de furto de madeira em \u00e1rea de preserva\u00e7\u00e3o ambiental pertencente \u00e0 empresa Suzano, no munic\u00edpio de Teixeira de Freitas.<\/p>\n\n\n\n<p>Guarni\u00e7\u00f5es da 87\u00aa Companhia Independente de Pol\u00edcia Militar (CIPM) interceptaram caminh\u00f5es suspeitos nas imedia\u00e7\u00f5es do pres\u00eddio da cidade, que estariam sendo utilizados para o transporte ilegal da madeira.<\/p>\n\n\n\n<p>Durante a abordagem e averigua\u00e7\u00e3o, os policiais identificaram tr\u00eas indiv\u00edduos, com idades entre 44 e 50 anos, realizando o transporte do material, sem qualquer nota fiscal ou documenta\u00e7\u00e3o que autorizasse a retirada e o transporte da madeira.<\/p>\n\n\n\n<p>Diante da situa\u00e7\u00e3o, os suspeitos receberam voz de pris\u00e3o e foram conduzidos, juntamente com todo o material apreendido, \u00e0 Delegacia de Pol\u00edcia de Teixeira de Freita.<\/p>\n\n\n\n<p>Durante a a\u00e7\u00e3o, a Pol\u00edcia Militar apreendeu dois motosserras, um caminh\u00e3o azul, marca Mercedes-Benz, placa KHN-5G04, e um caminh\u00e3o branco, modelo VW\/17.220, placa JQJ-9C90.<\/p>\n","protected":false},"excerpt":{"rendered":"<div class=\"mh-excerpt\"><p>A Pol\u00edcia Militar prendeu tr\u00eas homens na tarde deste s\u00e1bado (25), por volta das 13h, suspeitos de furto de madeira em \u00e1rea de preserva\u00e7\u00e3o ambiental <a class=\"mh-excerpt-more\" href=\"https:\/\/correiodoestadobahia.com.br\/?p=18436\" title=\"PMBA prende tr\u00eas homens suspeitos de furto de madeira em Teixeira de Fretias; dois caminh\u00f5es e duas motosserras foram apreendidos\">[&#8230;]<\/a><\/p>\n<\/div>","protected":false},"author":1,"featured_media":18437,"comment_status":"open","ping_status":"open","sticky":false,"template":"","format":"standard","meta":[],"categories":[11],"tags":[],"jetpack_featured_media_url":"https:\/\/correiodoestadobahia.com.br\/wp-content\/uploads\/2026\/04\/2ef6958e-36c2-40a7-8022-5241dfca0215.jpg","_links":{"self":[{"href":"https:\/\/correiodoestadobahia.com.br\/index.php?rest_route=\/wp\/v2\/posts\/18436"}],"collection":[{"href":"https:\/\/correiodoestadobahia.com.br\/index.php?rest_route=\/wp\/v2\/posts"}],"about":[{"href":"https:\/\/correiodoestadobahia.com.br\/index.php?rest_route=\/wp\/v2\/types\/post"}],"author":[{"embeddable":true,"href":"https:\/\/correiodoestadobahia.com.br\/index.php?rest_route=\/wp\/v2\/users\/1"}],"replies":[{"embeddable":true,"href":"https:\/\/correiodoestadobahia.com.br\/index.php?rest_route=%2Fwp%2Fv2%2Fcomments&post=18436"}],"version-history":[{"count":1,"href":"https:\/\/correiodoestadobahia.com.br\/index.php?rest_route=\/wp\/v2\/posts\/18436\/revisions"}],"predecessor-version":[{"id":18438,"href":"https:\/\/correiodoestadobahia.com.br\/index.php?rest_route=\/wp\/v2\/posts\/18436\/revisions\/18438"}],"wp:featuredmedia":[{"embeddable":true,"href":"https:\/\/correiodoestadobahia.com.br\/index.php?rest_route=\/wp\/v2\/media\/18437"}],"wp:attachment":[{"href":"https:\/\/correiodoestadobahia.com.br\/index.php?rest_route=%2Fwp%2Fv2%2Fmedia&parent=18436"}],"wp:term":[{"taxonomy":"category","embeddable":true,"href":"https:\/\/correiodoestadobahia.com.br\/index.php?rest_route=%2Fwp%2Fv2%2Fcategories&post=18436"},{"taxonomy":"post_tag","embeddable":true,"href":"https:\/\/correiodoestadobahia.com.br\/index.php?rest_route=%2Fwp%2Fv2%2Ftags&post=18436"}],"curies":[{"name":"wp","href":"https:\/\/api.w.org\/{rel}","templated":true}]}}