{"id":18430,"date":"2026-04-28T13:02:10","date_gmt":"2026-04-28T16:02:10","guid":{"rendered":"http:\/\/correiodoestadobahia.com.br\/?p=18430"},"modified":"2026-04-28T13:02:11","modified_gmt":"2026-04-28T16:02:11","slug":"jonatas-santos-intensifica-articulacoes-pelo-desenvolvimento-do-extremo-sul","status":"publish","type":"post","link":"https:\/\/correiodoestadobahia.com.br\/?p=18430","title":{"rendered":"Jonatas Santos intensifica articula\u00e7\u00f5es pelo desenvolvimento do Extremo Sul"},"content":{"rendered":"\n<p>O pr\u00e9-candidato a deputado federal Jonatas Santos tem ampliado sua agenda de reuni\u00f5es com importantes lideran\u00e7as pol\u00edticas, comunit\u00e1rias e representantes de diversos setores produtivos, com foco no fortalecimento de Teixeira de Freitas e de toda a regi\u00e3o do Extremo Sul da Bahia.<\/p>\n\n\n\n<p>Nos encontros, Jonatas tem debatido pautas estrat\u00e9gicas voltadas ao crescimento econ\u00f4mico, gera\u00e7\u00e3o de empregos, melhorias na sa\u00fade, educa\u00e7\u00e3o e infraestrutura, al\u00e9m de ouvir de perto as principais demandas da popula\u00e7\u00e3o. A iniciativa busca construir um plano de atua\u00e7\u00e3o alinhado com as reais necessidades da regi\u00e3o, fortalecendo o di\u00e1logo e a participa\u00e7\u00e3o popular.<\/p>\n\n\n\n<p>De acordo com Jonatas Santos, o momento \u00e9 de uni\u00e3o e constru\u00e7\u00e3o coletiva. \u201cEstamos ouvindo quem conhece de perto a realidade das comunidades. Nosso objetivo \u00e9 levar essas demandas para Bras\u00edlia e lutar por investimentos que transformem a vida das pessoas\u201d, destacou.<\/p>\n\n\n\n<p>As reuni\u00f5es tamb\u00e9m t\u00eam refor\u00e7ado o nome de Jonatas como uma lideran\u00e7a em ascens\u00e3o, capaz de articular apoios e estabelecer pontes entre o poder p\u00fablico e a sociedade civil. A movimenta\u00e7\u00e3o pol\u00edtica evidencia o compromisso do pr\u00e9-candidato com o desenvolvimento sustent\u00e1vel e integrado do Extremo Sul baiano.<\/p>\n\n\n\n<p>Com uma agenda cada vez mais ativa, Jonatas Santos segue consolidando seu projeto pol\u00edtico, pautado no di\u00e1logo, na escuta e na busca por solu\u00e7\u00f5es concretas para os desafios enfrentados pela popula\u00e7\u00e3o.<\/p>\n\n\n\n<figure class=\"wp-block-image size-large\"><img loading=\"lazy\" width=\"794\" height=\"561\" src=\"https:\/\/correiodoestadobahia.com.br\/wp-content\/uploads\/2026\/04\/image-22.png\" alt=\"\" class=\"wp-image-18432\" srcset=\"https:\/\/correiodoestadobahia.com.br\/wp-content\/uploads\/2026\/04\/image-22.png 794w, https:\/\/correiodoestadobahia.com.br\/wp-content\/uploads\/2026\/04\/image-22-300x212.png 300w, https:\/\/correiodoestadobahia.com.br\/wp-content\/uploads\/2026\/04\/image-22-768x543.png 768w\" sizes=\"(max-width: 794px) 100vw, 794px\" \/><\/figure>\n\n\n\n<figure class=\"wp-block-image size-large\"><img loading=\"lazy\" width=\"657\" height=\"436\" src=\"https:\/\/correiodoestadobahia.com.br\/wp-content\/uploads\/2026\/04\/image-23.png\" alt=\"\" class=\"wp-image-18433\" srcset=\"https:\/\/correiodoestadobahia.com.br\/wp-content\/uploads\/2026\/04\/image-23.png 657w, https:\/\/correiodoestadobahia.com.br\/wp-content\/uploads\/2026\/04\/image-23-300x199.png 300w, https:\/\/correiodoestadobahia.com.br\/wp-content\/uploads\/2026\/04\/image-23-272x182.png 272w\" sizes=\"(max-width: 657px) 100vw, 657px\" \/><\/figure>\n","protected":false},"excerpt":{"rendered":"<div class=\"mh-excerpt\"><p>O pr\u00e9-candidato a deputado federal Jonatas Santos tem ampliado sua agenda de reuni\u00f5es com importantes lideran\u00e7as pol\u00edticas, comunit\u00e1rias e representantes de diversos setores produtivos, com <a class=\"mh-excerpt-more\" href=\"https:\/\/correiodoestadobahia.com.br\/?p=18430\" title=\"Jonatas Santos intensifica articula\u00e7\u00f5es pelo desenvolvimento do Extremo Sul\">[&#8230;]<\/a><\/p>\n<\/div>","protected":false},"author":1,"featured_media":18431,"comment_status":"open","ping_status":"open","sticky":false,"template":"","format":"standard","meta":[],"categories":[7],"tags":[],"jetpack_featured_media_url":"https:\/\/correiodoestadobahia.com.br\/wp-content\/uploads\/2026\/04\/605fbf5a-5a94-4c81-b567-a121f699f14c.jpg","_links":{"self":[{"href":"https:\/\/correiodoestadobahia.com.br\/index.php?rest_route=\/wp\/v2\/posts\/18430"}],"collection":[{"href":"https:\/\/correiodoestadobahia.com.br\/index.php?rest_route=\/wp\/v2\/posts"}],"about":[{"href":"https:\/\/correiodoestadobahia.com.br\/index.php?rest_route=\/wp\/v2\/types\/post"}],"author":[{"embeddable":true,"href":"https:\/\/correiodoestadobahia.com.br\/index.php?rest_route=\/wp\/v2\/users\/1"}],"replies":[{"embeddable":true,"href":"https:\/\/correiodoestadobahia.com.br\/index.php?rest_route=%2Fwp%2Fv2%2Fcomments&post=18430"}],"version-history":[{"count":1,"href":"https:\/\/correiodoestadobahia.com.br\/index.php?rest_route=\/wp\/v2\/posts\/18430\/revisions"}],"predecessor-version":[{"id":18434,"href":"https:\/\/correiodoestadobahia.com.br\/index.php?rest_route=\/wp\/v2\/posts\/18430\/revisions\/18434"}],"wp:featuredmedia":[{"embeddable":true,"href":"https:\/\/correiodoestadobahia.com.br\/index.php?rest_route=\/wp\/v2\/media\/18431"}],"wp:attachment":[{"href":"https:\/\/correiodoestadobahia.com.br\/index.php?rest_route=%2Fwp%2Fv2%2Fmedia&parent=18430"}],"wp:term":[{"taxonomy":"category","embeddable":true,"href":"https:\/\/correiodoestadobahia.com.br\/index.php?rest_route=%2Fwp%2Fv2%2Fcategories&post=18430"},{"taxonomy":"post_tag","embeddable":true,"href":"https:\/\/correiodoestadobahia.com.br\/index.php?rest_route=%2Fwp%2Fv2%2Ftags&post=18430"}],"curies":[{"name":"wp","href":"https:\/\/api.w.org\/{rel}","templated":true}]}}