{"id":18414,"date":"2026-04-26T18:15:42","date_gmt":"2026-04-26T21:15:42","guid":{"rendered":"http:\/\/correiodoestadobahia.com.br\/?p=18414"},"modified":"2026-04-26T18:15:44","modified_gmt":"2026-04-26T21:15:44","slug":"encontro-liderado-por-eujacio-dantas-reuniu-prefeitos-deputado-e-vereadores-da-regiao-liderancas-declararam-apoio-a-reconducao-de-angelo-coronel-ao-senado-em-2026","status":"publish","type":"post","link":"https:\/\/correiodoestadobahia.com.br\/?p=18414","title":{"rendered":"Encontro liderado por Eujacio Dantas reuniu prefeitos, deputado e vereadores da regi\u00e3o; lideran\u00e7as declararam apoio \u00e0 recondu\u00e7\u00e3o de \u00c2ngelo Coronel ao Senado em 2026"},"content":{"rendered":"\n<p>O cen\u00e1rio pol\u00edtico do Extremo Sul da Bahia ganhou for\u00e7a neste domingo com um encontro articulado e conduzido por Eujacio Dantas, em Teixeira de Freitas. Foi ele quem reuniu diversas lideran\u00e7as regionais para recepcionar o senador \u00c2ngelo Coronel (PSD) e seu filho, o deputado estadual \u00c2ngelo Filho, em um evento marcado por forte mobiliza\u00e7\u00e3o pol\u00edtica e sinaliza\u00e7\u00e3o clara de alinhamento para as elei\u00e7\u00f5es de 2026.<\/p>\n\n\n\n<p>Com audit\u00f3rio lotado, o encontro deixou evidente que n\u00e3o se tratava de uma agenda institucional comum, mas de um movimento pol\u00edtico estrat\u00e9gico liderado por Eujacio, que consolidou sua capacidade de articula\u00e7\u00e3o ao reunir representantes de diferentes munic\u00edpios do Extremo Sul.<br>Lideran\u00e7a de Eujacio Dantas articula apoio regional<br>A iniciativa de Eujacio Dantas reuniu nomes de peso da pol\u00edtica regional. Estiveram presentes o prefeito de Caravelas, Dr. Adauto; o deputado estadual Robinho; a vice-prefeita de Medeiros Neto, Cida Boiadeiro; al\u00e9m de representantes do Prado, como o secret\u00e1rio municipal de Sa\u00fade, C\u00e1ssio Cocobongo, e a vereadora Luciana, presidente da C\u00e2mara Municipal. Tamb\u00e9m participou o vereador Cl\u00e1udio Novo Tempo, entre outras lideran\u00e7as.<br>A presen\u00e7a de gestores p\u00fablicos e parlamentares de diferentes cidades refor\u00e7a o alcance da articula\u00e7\u00e3o promovida por Eujacio, que conseguiu reunir um bloco pol\u00edtico expressivo em torno de um objetivo comum: o apoio \u00e0 reelei\u00e7\u00e3o do senador \u00c2ngelo Coronel.<\/p>\n\n\n\n<p>Durante o encontro, tanto Eujacio Dantas quanto as lideran\u00e7as presentes declararam publicamente apoio \u00e0 candidatura de Coronel ao Senado em 2026, consolidando um alinhamento pol\u00edtico regional em torno do nome do senador.<br>Movimento projeta cen\u00e1rio para 2026<br>Ao liderar o encontro e reunir diversas lideran\u00e7as, Eujacio Dantas se posiciona como pe\u00e7a central na articula\u00e7\u00e3o pol\u00edtica do Extremo Sul. O evento serviu n\u00e3o apenas para recepcionar o senador, mas para consolidar um bloco de apoio regional que j\u00e1 sinaliza os caminhos da disputa eleitoral de 2026<\/p>\n","protected":false},"excerpt":{"rendered":"<div class=\"mh-excerpt\"><p>O cen\u00e1rio pol\u00edtico do Extremo Sul da Bahia ganhou for\u00e7a neste domingo com um encontro articulado e conduzido por Eujacio Dantas, em Teixeira de Freitas. <a class=\"mh-excerpt-more\" href=\"https:\/\/correiodoestadobahia.com.br\/?p=18414\" title=\"Encontro liderado por Eujacio Dantas reuniu prefeitos, deputado e vereadores da regi\u00e3o; lideran\u00e7as declararam apoio \u00e0 recondu\u00e7\u00e3o de \u00c2ngelo Coronel ao Senado em 2026\">[&#8230;]<\/a><\/p>\n<\/div>","protected":false},"author":1,"featured_media":18415,"comment_status":"open","ping_status":"open","sticky":false,"template":"","format":"standard","meta":[],"categories":[7],"tags":[],"jetpack_featured_media_url":"https:\/\/correiodoestadobahia.com.br\/wp-content\/uploads\/2026\/04\/90921342-130e-4562-ba0d-9be16001e048.jpg","_links":{"self":[{"href":"https:\/\/correiodoestadobahia.com.br\/index.php?rest_route=\/wp\/v2\/posts\/18414"}],"collection":[{"href":"https:\/\/correiodoestadobahia.com.br\/index.php?rest_route=\/wp\/v2\/posts"}],"about":[{"href":"https:\/\/correiodoestadobahia.com.br\/index.php?rest_route=\/wp\/v2\/types\/post"}],"author":[{"embeddable":true,"href":"https:\/\/correiodoestadobahia.com.br\/index.php?rest_route=\/wp\/v2\/users\/1"}],"replies":[{"embeddable":true,"href":"https:\/\/correiodoestadobahia.com.br\/index.php?rest_route=%2Fwp%2Fv2%2Fcomments&post=18414"}],"version-history":[{"count":1,"href":"https:\/\/correiodoestadobahia.com.br\/index.php?rest_route=\/wp\/v2\/posts\/18414\/revisions"}],"predecessor-version":[{"id":18416,"href":"https:\/\/correiodoestadobahia.com.br\/index.php?rest_route=\/wp\/v2\/posts\/18414\/revisions\/18416"}],"wp:featuredmedia":[{"embeddable":true,"href":"https:\/\/correiodoestadobahia.com.br\/index.php?rest_route=\/wp\/v2\/media\/18415"}],"wp:attachment":[{"href":"https:\/\/correiodoestadobahia.com.br\/index.php?rest_route=%2Fwp%2Fv2%2Fmedia&parent=18414"}],"wp:term":[{"taxonomy":"category","embeddable":true,"href":"https:\/\/correiodoestadobahia.com.br\/index.php?rest_route=%2Fwp%2Fv2%2Fcategories&post=18414"},{"taxonomy":"post_tag","embeddable":true,"href":"https:\/\/correiodoestadobahia.com.br\/index.php?rest_route=%2Fwp%2Fv2%2Ftags&post=18414"}],"curies":[{"name":"wp","href":"https:\/\/api.w.org\/{rel}","templated":true}]}}