{"id":18273,"date":"2026-03-31T10:58:00","date_gmt":"2026-03-31T13:58:00","guid":{"rendered":"http:\/\/correiodoestadobahia.com.br\/?p=18273"},"modified":"2026-04-06T11:00:11","modified_gmt":"2026-04-06T14:00:11","slug":"aviso-de-pauta-governo-do-brasil-realiza-entrega-de-certidoes-de-obito-retificadas-de-vitimas-da-ditadura-em-salvador-ba-nesta-terca-feira-31","status":"publish","type":"post","link":"https:\/\/correiodoestadobahia.com.br\/?p=18273","title":{"rendered":"AVISO DE PAUTA Governo do Brasil realiza entrega de certid\u00f5es de \u00f3bito retificadas de v\u00edtimas da ditadura em Salvador (BA), nesta ter\u00e7a-feira (31)"},"content":{"rendered":"\n<p>O governo federal, por meio do Minist\u00e9rio dos Direitos Humanos e da Cidadania (MDHC) e da Comiss\u00e3o Especial sobre Mortos e Desaparecidos Pol\u00edticos (CEMDP), realiza nesta ter\u00e7a-feira (31), em Salvador, a 4\u00aa Solenidade de Entrega de Certid\u00f5es de \u00d3bito Retificadas de pessoas mortas e desaparecidas durante a ditadura militar brasileira (1964\u20131985).<\/p>\n\n\n\n<p>A cerim\u00f4nia ser\u00e1 realizada a partir das 17h, no Sal\u00e3o Nobre da Reitoria da Universidade Federal da Bahia (UFBA), com apoio do Governo da Bahia e da pr\u00f3pria UFBA. A iniciativa integra o calend\u00e1rio de a\u00e7\u00f5es da Comiss\u00e3o e marca a primeira entrega do tipo em 2026.<\/p>\n\n\n\n<p>No total, 27 certid\u00f5es est\u00e3o aptas para entrega. As retifica\u00e7\u00f5es abrangem pessoas nascidas na Bahia, casos ocorridos no estado e solicita\u00e7\u00f5es de familiares que manifestaram interesse em receber os documentos na unidade federativa.<\/p>\n\n\n\n<p>A a\u00e7\u00e3o cumpre a Resolu\u00e7\u00e3o n.\u00ba 7 da Comiss\u00e3o Nacional da Verdade (CNV) e a Resolu\u00e7\u00e3o n.\u00ba 601\/2024 do Conselho Nacional de Justi\u00e7a (CNJ), que determinam a corre\u00e7\u00e3o da causa de morte indicando a\u00e7\u00e3o violenta do Estado.<\/p>\n\n\n\n<p>O evento reunir\u00e1 familiares das v\u00edtimas, integrantes da CEMDP e autoridades dos poderes Executivo e Judici\u00e1rio, reafirmando o compromisso do Estado brasileiro com pol\u00edticas de mem\u00f3ria, verdade e repara\u00e7\u00e3o. A retifica\u00e7\u00e3o das certid\u00f5es \u00e9 realizada em parceria com o CNJ e o Operador Nacional do Registro Civil de Pessoas Naturais<\/p>\n\n\n\n<p>A&nbsp;4\u00aa Solenidade de entrega das certid\u00f5es retificadas conta com o apoio do Governo do Estado da Bahia e a Universidade Federal da Bahia.&nbsp;Tais a\u00e7\u00f5es integram um conjunto mais amplo de a\u00e7\u00f5es voltadas \u00e0 promo\u00e7\u00e3o da justi\u00e7a de transi\u00e7\u00e3o no pa\u00eds.<\/p>\n\n\n\n<p><strong>Servi\u00e7o<\/strong><\/p>\n\n\n\n<p><strong>Evento: 4\u00aa Solenidade de Entrega das Certid\u00f5es de \u00d3bito Retificadas<\/strong><\/p>\n\n\n\n<p><strong>Local: Sal\u00e3o Nobre da Reitoria da Universidade Federal da Bahia (UFBA)<\/strong><\/p>\n\n\n\n<p><strong>Data:<\/strong>&nbsp;31 de mar\u00e7o de 2026<\/p>\n\n\n\n<p><strong>Hor\u00e1rio:<\/strong>\u00a017h.<\/p>\n","protected":false},"excerpt":{"rendered":"<div class=\"mh-excerpt\"><p>O governo federal, por meio do Minist\u00e9rio dos Direitos Humanos e da Cidadania (MDHC) e da Comiss\u00e3o Especial sobre Mortos e Desaparecidos Pol\u00edticos (CEMDP), realiza <a class=\"mh-excerpt-more\" href=\"https:\/\/correiodoestadobahia.com.br\/?p=18273\" title=\"AVISO DE PAUTA Governo do Brasil realiza entrega de certid\u00f5es de \u00f3bito retificadas de v\u00edtimas da ditadura em Salvador (BA), nesta ter\u00e7a-feira (31)\">[&#8230;]<\/a><\/p>\n<\/div>","protected":false},"author":1,"featured_media":18274,"comment_status":"open","ping_status":"open","sticky":false,"template":"","format":"standard","meta":[],"categories":[1],"tags":[],"jetpack_featured_media_url":"https:\/\/correiodoestadobahia.com.br\/wp-content\/uploads\/2026\/04\/image-5.png","_links":{"self":[{"href":"https:\/\/correiodoestadobahia.com.br\/index.php?rest_route=\/wp\/v2\/posts\/18273"}],"collection":[{"href":"https:\/\/correiodoestadobahia.com.br\/index.php?rest_route=\/wp\/v2\/posts"}],"about":[{"href":"https:\/\/correiodoestadobahia.com.br\/index.php?rest_route=\/wp\/v2\/types\/post"}],"author":[{"embeddable":true,"href":"https:\/\/correiodoestadobahia.com.br\/index.php?rest_route=\/wp\/v2\/users\/1"}],"replies":[{"embeddable":true,"href":"https:\/\/correiodoestadobahia.com.br\/index.php?rest_route=%2Fwp%2Fv2%2Fcomments&post=18273"}],"version-history":[{"count":1,"href":"https:\/\/correiodoestadobahia.com.br\/index.php?rest_route=\/wp\/v2\/posts\/18273\/revisions"}],"predecessor-version":[{"id":18275,"href":"https:\/\/correiodoestadobahia.com.br\/index.php?rest_route=\/wp\/v2\/posts\/18273\/revisions\/18275"}],"wp:featuredmedia":[{"embeddable":true,"href":"https:\/\/correiodoestadobahia.com.br\/index.php?rest_route=\/wp\/v2\/media\/18274"}],"wp:attachment":[{"href":"https:\/\/correiodoestadobahia.com.br\/index.php?rest_route=%2Fwp%2Fv2%2Fmedia&parent=18273"}],"wp:term":[{"taxonomy":"category","embeddable":true,"href":"https:\/\/correiodoestadobahia.com.br\/index.php?rest_route=%2Fwp%2Fv2%2Fcategories&post=18273"},{"taxonomy":"post_tag","embeddable":true,"href":"https:\/\/correiodoestadobahia.com.br\/index.php?rest_route=%2Fwp%2Fv2%2Ftags&post=18273"}],"curies":[{"name":"wp","href":"https:\/\/api.w.org\/{rel}","templated":true}]}}