{"id":18228,"date":"2026-03-25T12:18:00","date_gmt":"2026-03-25T15:18:00","guid":{"rendered":"http:\/\/correiodoestadobahia.com.br\/?p=18228"},"modified":"2026-03-31T12:19:36","modified_gmt":"2026-03-31T15:19:36","slug":"jornada-de-reumatologia-reune-especialistas-em-aracaju-para-discutir-avancos-no-tratamento-de-doencas-reumaticas","status":"publish","type":"post","link":"https:\/\/correiodoestadobahia.com.br\/?p=18228","title":{"rendered":"Jornada de Reumatologia re\u00fane especialistas em Aracaju para discutir avan\u00e7os no tratamento de doen\u00e7as reum\u00e1ticas"},"content":{"rendered":"\n<p><em>A cidade de Aracaju (SE) ser\u00e1 palco da 28\u00aa Jornada Norte-Nordeste de Reumatologia, que acontece entre os dias 26 e 28 de mar\u00e7o, reunindo m\u00e9dicos reumatologistas, profissionais de sa\u00fade e estudantes de todo o pa\u00eds para uma intensa programa\u00e7\u00e3o cient\u00edfica voltada \u00e0 atualiza\u00e7\u00e3o cl\u00ednica e troca de experi\u00eancias.<\/em><\/p>\n\n\n\n<p>Promovido pela Sociedade Brasileira de Reumatologia (SBR), em parceria com a Sociedade Sergipana de Reumatologia, o evento se consolida como o principal encontro cient\u00edfico da especialidade nas regi\u00f5es Norte e Nordeste. \u201cAp\u00f3s mais de uma d\u00e9cada, a Jornada Norte-Nordeste de Reumatologia retorna a Aracaju, refor\u00e7ando o protagonismo da capital sergipana na realiza\u00e7\u00e3o de eventos m\u00e9dico-cient\u00edficos e contribuindo para o desenvolvimento do turismo e da economia local\u201d, afirma a Dra. Regina Adalva de Lucena Couto Oc\u00e9a, presidente eleita e diretora cient\u00edfica da 28\u00aa Jornada Norte-Nordeste de Reumatologia.<\/p>\n\n\n\n<p>O evento tem como principal objetivo promover a atualiza\u00e7\u00e3o cient\u00edfica em reumatologia, com foco em temas relevantes para a pr\u00e1tica cl\u00ednica, incluindo diagn\u00f3stico precoce, manejo de doen\u00e7as reum\u00e1ticas cr\u00f4nicas e novas abordagens terap\u00eauticas. Assim como em outras jornadas realizadas pela SBR, o programa foi estruturado para estimular o interc\u00e2mbio de conhecimento entre especialistas experientes e jovens profissionais da \u00e1rea.&nbsp;<\/p>\n\n\n\n<p>Estima-se que cerca de 15 milh\u00f5es de brasileiros s\u00e3o acometidos por uma doen\u00e7a reum\u00e1tica. S\u00e3o mais de 120 doen\u00e7as j\u00e1 catalogadas entre inflamat\u00f3rias, cr\u00f4nicas, autoimunes e raras, algumas das quais est\u00e3o entre as principais causas de afastamento do trabalho.<\/p>\n\n\n\n<p>A programa\u00e7\u00e3o cient\u00edfica foi cuidadosamente elaborada para contemplar os avan\u00e7os diagn\u00f3sticos e terap\u00eauticos mais relevantes da especialidade, com foco na promo\u00e7\u00e3o da qualidade de vida dos pacientes. \u201cNeste ano, propomos uma abordagem inovadora: integrar o saber m\u00e9dico \u00e0s ra\u00edzes culturais e naturais das regi\u00f5es Norte e Nordeste, promovendo um di\u00e1logo enriquecedor entre ci\u00eancia, cultura e identidade regional\u201d, complementa o presidente da SBR, Dr. Jos\u00e9 Eduardo Martinez.<\/p>\n\n\n\n<p>Entre os muitos temas de destaques da programa\u00e7\u00e3o est\u00e3o Ci\u00eancia em movimento no tratamento do idoso, Riscos e benef\u00edcios no tratamento da Artrite Reumatoide em pacientes oncol\u00f3gicos, Fibromialgia: desafios no diagn\u00f3stico e tratamento, Novas tecnologias nas Doen\u00e7as Imunomediadas, entre outros, ressalta a reumatologista Dra. Licia Mota, diretora cient\u00edfica da Sociedade Brasileira de Reumatologia (SBR).<\/p>\n\n\n\n<p><strong>Doen\u00e7as reum\u00e1ticas no Brasil&nbsp;<\/strong><\/p>\n\n\n\n<p>Estima-se que cerca de 15 milh\u00f5es de brasileiros s\u00e3o acometidos por uma doen\u00e7a reum\u00e1tica. S\u00e3o mais de 120 doen\u00e7as j\u00e1 catalogadas entre inflamat\u00f3rias, cr\u00f4nicas, autoimunes e raras, algumas das quais est\u00e3o entre as principais causas de afastamento do trabalho.<\/p>\n\n\n\n<p><strong>Servi\u00e7o:<\/strong><\/p>\n\n\n\n<p><strong>28\u00aa Jornada Norte e Nordeste de Reumatologia<\/strong><\/p>\n\n\n\n<p>Programa\u00e7\u00e3o completa:&nbsp;<a href=\"https:\/\/jornadanortenordeste2026.com.br\/\" target=\"_blank\" rel=\"noreferrer noopener\">28\u00b0 Jornada Norte Nordeste de Reumatologia<\/a><\/p>\n\n\n\n<p>Data: 26 de mar\u00e7o a 28 de mar\u00e7o de 2026<\/p>\n\n\n\n<p>Local: Hotel Del Mar<\/p>\n\n\n\n<p>Av. Santos Dumont, 1500 &#8211; Coroa do Meio, Aracaju \u2013 SE<\/p>\n\n\n\n<p><strong>Sobre a Sociedade Brasileira de Reumatologia (SBR)<\/strong><\/p>\n\n\n\n<p>A Sociedade Brasileira de Reumatologia (SBR) \u00e9 uma associa\u00e7\u00e3o civil cient\u00edfica de direito privado, sem fins lucrativos, fundada em 15 de julho de 1949, na cidade do Rio de Janeiro, pelos m\u00e9dicos Herrera Ramos, Waldemar Bianchi, Pedro Nava, Israel Bonomo, D\u00e9cio Olinto e outros, tendo mantido desde ent\u00e3o sua tradi\u00e7\u00e3o cient\u00edfica, acompanhando e promovendo o desenvolvimento da especialidade no Brasil e com um importante papel tamb\u00e9m internacional, especialmente entre os pa\u00edses da Am\u00e9rica Latina. Filiada \u00e0 Associa\u00e7\u00e3o M\u00e9dica Brasileira, conta em torno de 2 mil associados, congrega 26 sociedades regionais estaduais, assessorias e comiss\u00f5es cient\u00edficas e representa\u00e7\u00f5es em associa\u00e7\u00f5es nacionais e internacionais e junto ao Minist\u00e9rio da Sa\u00fade.<\/p>\n","protected":false},"excerpt":{"rendered":"<div class=\"mh-excerpt\"><p>A cidade de Aracaju (SE) ser\u00e1 palco da 28\u00aa Jornada Norte-Nordeste de Reumatologia, que acontece entre os dias 26 e 28 de mar\u00e7o, reunindo m\u00e9dicos <a class=\"mh-excerpt-more\" href=\"https:\/\/correiodoestadobahia.com.br\/?p=18228\" title=\"Jornada de Reumatologia re\u00fane especialistas em Aracaju para discutir avan\u00e7os no tratamento de doen\u00e7as reum\u00e1ticas\">[&#8230;]<\/a><\/p>\n<\/div>","protected":false},"author":1,"featured_media":17921,"comment_status":"open","ping_status":"open","sticky":false,"template":"","format":"standard","meta":[],"categories":[6],"tags":[],"jetpack_featured_media_url":"https:\/\/correiodoestadobahia.com.br\/wp-content\/uploads\/2026\/01\/medico.jpg","_links":{"self":[{"href":"https:\/\/correiodoestadobahia.com.br\/index.php?rest_route=\/wp\/v2\/posts\/18228"}],"collection":[{"href":"https:\/\/correiodoestadobahia.com.br\/index.php?rest_route=\/wp\/v2\/posts"}],"about":[{"href":"https:\/\/correiodoestadobahia.com.br\/index.php?rest_route=\/wp\/v2\/types\/post"}],"author":[{"embeddable":true,"href":"https:\/\/correiodoestadobahia.com.br\/index.php?rest_route=\/wp\/v2\/users\/1"}],"replies":[{"embeddable":true,"href":"https:\/\/correiodoestadobahia.com.br\/index.php?rest_route=%2Fwp%2Fv2%2Fcomments&post=18228"}],"version-history":[{"count":1,"href":"https:\/\/correiodoestadobahia.com.br\/index.php?rest_route=\/wp\/v2\/posts\/18228\/revisions"}],"predecessor-version":[{"id":18229,"href":"https:\/\/correiodoestadobahia.com.br\/index.php?rest_route=\/wp\/v2\/posts\/18228\/revisions\/18229"}],"wp:featuredmedia":[{"embeddable":true,"href":"https:\/\/correiodoestadobahia.com.br\/index.php?rest_route=\/wp\/v2\/media\/17921"}],"wp:attachment":[{"href":"https:\/\/correiodoestadobahia.com.br\/index.php?rest_route=%2Fwp%2Fv2%2Fmedia&parent=18228"}],"wp:term":[{"taxonomy":"category","embeddable":true,"href":"https:\/\/correiodoestadobahia.com.br\/index.php?rest_route=%2Fwp%2Fv2%2Fcategories&post=18228"},{"taxonomy":"post_tag","embeddable":true,"href":"https:\/\/correiodoestadobahia.com.br\/index.php?rest_route=%2Fwp%2Fv2%2Ftags&post=18228"}],"curies":[{"name":"wp","href":"https:\/\/api.w.org\/{rel}","templated":true}]}}