{"id":18135,"date":"2026-03-15T17:50:54","date_gmt":"2026-03-15T20:50:54","guid":{"rendered":"http:\/\/correiodoestadobahia.com.br\/?p=18135"},"modified":"2026-03-15T17:50:55","modified_gmt":"2026-03-15T20:50:55","slug":"crise-politica-em-barro-alto-denuncias-estradas-precarias-e-questionamentos-sobre-gastos-publicos","status":"publish","type":"post","link":"https:\/\/correiodoestadobahia.com.br\/?p=18135","title":{"rendered":"Crise pol\u00edtica em Barro Alto: den\u00fancias, estradas prec\u00e1rias e questionamentos sobre gastos p\u00fablicos"},"content":{"rendered":"\n<p>O munic\u00edpio de Barro Alto vive um momento delicado na administra\u00e7\u00e3o p\u00fablica. Den\u00fancias que vieram \u00e0 tona ap\u00f3s v\u00eddeos divulgados pelo jornal\u00edstico Fala Vilar t\u00eam levantado questionamentos sobre contratos, gastos p\u00fablicos e a condu\u00e7\u00e3o pol\u00edtica do munic\u00edpio.Uma das situa\u00e7\u00f5es que mais chamou a aten\u00e7\u00e3o envolve o prefeito Dad\u00ea Oliveira. De acordo com informa\u00e7\u00f5es divulgadas publicamente, logo ap\u00f3s iniciar a constru\u00e7\u00e3o de uma mans\u00e3o no distrito de Gameleira, a Prefeitura teria firmado contrato com uma empresa de materiais de constru\u00e7\u00e3o localizada no mesmo distrito.<\/p>\n\n\n\n<p>Somados, os pagamentos realizados pela prefeitura a essa empresa j\u00e1 ultrapassariam R$ 2,5 milh\u00f5es. Entre as notas fiscais apresentadas estariam itens como furadeiras, serras e parafusadeiras, registrados como \u201cmaterial de consumo\u201d da Secretaria de Administra\u00e7\u00e3o. H\u00e1 ainda questionamentos sobre poss\u00edveis recursos de \u00e1reas sens\u00edveis, como educa\u00e7\u00e3o e assist\u00eancia social, que teriam sido utilizados nesses contratos.Outro ponto que gerou repercuss\u00e3o foi o pagamento de quase R$ 100 mil em materiais de constru\u00e7\u00e3o apenas no m\u00eas de julho de 2025 para tr\u00eas empresas diferentes:Mercad\u00e3o Multicolor \u2014 cerca de R$ 16 mil, empresa ligada ao genro do vice-prefeito Bilay.Allan Materiais \u2014 aproximadamente R$ 47 mil, ligada a Evandro, da comunidade de Lagoa Funda.<\/p>\n\n\n\n<p>Madeireira II Irm\u00e3s \u2014 cerca de R$ 26 mil, pertencente ao pai da secret\u00e1ria de Esporte.Apesar dos valores pagos, moradores questionam a falta de obras vis\u00edveis no munic\u00edpio. Segundo relatos, nenhuma escola, posto de sa\u00fade ou pra\u00e7a teria passado por reformas recentes que justificassem a compra desses materiais.Al\u00e9m das den\u00fancias envolvendo contratos, a popula\u00e7\u00e3o tamb\u00e9m tem reclamado da situa\u00e7\u00e3o das estradas vicinais. Com a chegada do per\u00edodo chuvoso, moradores de diversos povoados relatam dificuldades para se deslocar, com trechos tomados pela lama e comunidades ficando praticamente isoladas.Outro tema que tem sido comentado nos bastidores pol\u00edticos \u00e9 o papel do secret\u00e1rio de Administra\u00e7\u00e3o e Fazenda, Ter\u00eancio Neto. Segundo relatos de lideran\u00e7as locais e moradores, ele estaria concentrando grande parte das decis\u00f5es administrativas da gest\u00e3o, situa\u00e7\u00e3o que tem gerado cr\u00edticas e debates no munic\u00edpio.Diante das den\u00fancias e da repercuss\u00e3o p\u00fablica, cresce a press\u00e3o para que \u00f3rg\u00e3os de controle, como o Tribunal de Contas dos Munic\u00edpios da Bahia e o Minist\u00e9rio P\u00fablico do Estado da Bahia, analisem os contratos e apurem poss\u00edveis irregularidades.<\/p>\n\n\n\n<p>Enquanto isso, moradores cobram transpar\u00eancia, melhorias nos servi\u00e7os p\u00fablicos e respostas claras da administra\u00e7\u00e3o municipal sobre os gastos realizados e as prioridades da gest\u00e3o. Em meio \u00e0s pol\u00eamicas, a popula\u00e7\u00e3o de Barro Alto acompanha atenta os pr\u00f3ximos desdobramentos da crise pol\u00edtica que se instala no munic\u00edpio.<\/p>\n","protected":false},"excerpt":{"rendered":"<div class=\"mh-excerpt\"><p>O munic\u00edpio de Barro Alto vive um momento delicado na administra\u00e7\u00e3o p\u00fablica. Den\u00fancias que vieram \u00e0 tona ap\u00f3s v\u00eddeos divulgados pelo jornal\u00edstico Fala Vilar t\u00eam <a class=\"mh-excerpt-more\" href=\"https:\/\/correiodoestadobahia.com.br\/?p=18135\" title=\"Crise pol\u00edtica em Barro Alto: den\u00fancias, estradas prec\u00e1rias e questionamentos sobre gastos p\u00fablicos\">[&#8230;]<\/a><\/p>\n<\/div>","protected":false},"author":1,"featured_media":18136,"comment_status":"open","ping_status":"open","sticky":false,"template":"","format":"standard","meta":[],"categories":[1],"tags":[],"jetpack_featured_media_url":"https:\/\/correiodoestadobahia.com.br\/wp-content\/uploads\/2026\/03\/IMG-20260315-WA0311.jpg","_links":{"self":[{"href":"https:\/\/correiodoestadobahia.com.br\/index.php?rest_route=\/wp\/v2\/posts\/18135"}],"collection":[{"href":"https:\/\/correiodoestadobahia.com.br\/index.php?rest_route=\/wp\/v2\/posts"}],"about":[{"href":"https:\/\/correiodoestadobahia.com.br\/index.php?rest_route=\/wp\/v2\/types\/post"}],"author":[{"embeddable":true,"href":"https:\/\/correiodoestadobahia.com.br\/index.php?rest_route=\/wp\/v2\/users\/1"}],"replies":[{"embeddable":true,"href":"https:\/\/correiodoestadobahia.com.br\/index.php?rest_route=%2Fwp%2Fv2%2Fcomments&post=18135"}],"version-history":[{"count":1,"href":"https:\/\/correiodoestadobahia.com.br\/index.php?rest_route=\/wp\/v2\/posts\/18135\/revisions"}],"predecessor-version":[{"id":18137,"href":"https:\/\/correiodoestadobahia.com.br\/index.php?rest_route=\/wp\/v2\/posts\/18135\/revisions\/18137"}],"wp:featuredmedia":[{"embeddable":true,"href":"https:\/\/correiodoestadobahia.com.br\/index.php?rest_route=\/wp\/v2\/media\/18136"}],"wp:attachment":[{"href":"https:\/\/correiodoestadobahia.com.br\/index.php?rest_route=%2Fwp%2Fv2%2Fmedia&parent=18135"}],"wp:term":[{"taxonomy":"category","embeddable":true,"href":"https:\/\/correiodoestadobahia.com.br\/index.php?rest_route=%2Fwp%2Fv2%2Fcategories&post=18135"},{"taxonomy":"post_tag","embeddable":true,"href":"https:\/\/correiodoestadobahia.com.br\/index.php?rest_route=%2Fwp%2Fv2%2Ftags&post=18135"}],"curies":[{"name":"wp","href":"https:\/\/api.w.org\/{rel}","templated":true}]}}