{"id":18130,"date":"2026-03-13T18:54:58","date_gmt":"2026-03-13T21:54:58","guid":{"rendered":"http:\/\/correiodoestadobahia.com.br\/?p=18130"},"modified":"2026-03-13T18:54:59","modified_gmt":"2026-03-13T21:54:59","slug":"vereador-jonatas-santos-propoe-atendimento-prioritario-para-pacientes-com-cancer-em-teixeira-de-freitas","status":"publish","type":"post","link":"https:\/\/correiodoestadobahia.com.br\/?p=18130","title":{"rendered":"Vereador Jonatas Santos prop\u00f5e atendimento priorit\u00e1rio para pacientes com c\u00e2ncer em Teixeira de Freitas"},"content":{"rendered":"\n<p>O presidente da C\u00e2mara Municipal de Teixeira de Freitas, vereador Jonatas Santos, apresentou durante a sess\u00e3o realizada na ter\u00e7a-feira, 10 de mar\u00e7o, um projeto de lei que prop\u00f5e garantir atendimento priorit\u00e1rio e humanizado para pessoas em tratamento contra o c\u00e2ncer em todas as reparti\u00e7\u00f5es p\u00fablicas do munic\u00edpio. A proposta busca assegurar agendamentos preferenciais, redu\u00e7\u00e3o do tempo de espera em filas e prioridade na tramita\u00e7\u00e3o de processos administrativos relacionados a servi\u00e7os p\u00fablicos.<\/p>\n\n\n\n<p>Segundo o vereador, a iniciativa pretende reduzir o desgaste f\u00edsico e emocional enfrentado por pacientes oncol\u00f3gicos durante o tratamento. \u201cMuitas pessoas que est\u00e3o lutando contra o c\u00e2ncer enfrentam n\u00e3o apenas os desafios da doen\u00e7a, mas tamb\u00e9m dificuldades no acesso aos servi\u00e7os p\u00fablicos. Nosso objetivo \u00e9 garantir mais respeito, dignidade e agilidade no atendimento a esses cidad\u00e3os\u201d, afirmou Jonatas Santos.<\/p>\n\n\n\n<p>O parlamentar destacou ainda que a proposta refor\u00e7a a import\u00e2ncia de pol\u00edticas p\u00fablicas voltadas ao acolhimento e \u00e0 humaniza\u00e7\u00e3o no servi\u00e7o p\u00fablico. \u201cEsse projeto dialoga diretamente com o princ\u00edpio da dignidade da pessoa humana e com a responsabilidade do poder p\u00fablico de oferecer um atendimento mais sens\u00edvel e eficiente para quem enfrenta um momento t\u00e3o delicado da vida\u201d, disse.<\/p>\n\n\n\n<p>O projeto segue agora para an\u00e1lise e os pr\u00f3ximos tr\u00e2mites no Legislativo municipal antes de ser encaminhado para san\u00e7\u00e3o do Executivo.<\/p>\n","protected":false},"excerpt":{"rendered":"<div class=\"mh-excerpt\"><p>O presidente da C\u00e2mara Municipal de Teixeira de Freitas, vereador Jonatas Santos, apresentou durante a sess\u00e3o realizada na ter\u00e7a-feira, 10 de mar\u00e7o, um projeto de <a class=\"mh-excerpt-more\" href=\"https:\/\/correiodoestadobahia.com.br\/?p=18130\" title=\"Vereador Jonatas Santos prop\u00f5e atendimento priorit\u00e1rio para pacientes com c\u00e2ncer em Teixeira de Freitas\">[&#8230;]<\/a><\/p>\n<\/div>","protected":false},"author":1,"featured_media":15775,"comment_status":"open","ping_status":"open","sticky":false,"template":"","format":"standard","meta":[],"categories":[7],"tags":[],"jetpack_featured_media_url":"https:\/\/correiodoestadobahia.com.br\/wp-content\/uploads\/2025\/02\/jonatassantos.jpg","_links":{"self":[{"href":"https:\/\/correiodoestadobahia.com.br\/index.php?rest_route=\/wp\/v2\/posts\/18130"}],"collection":[{"href":"https:\/\/correiodoestadobahia.com.br\/index.php?rest_route=\/wp\/v2\/posts"}],"about":[{"href":"https:\/\/correiodoestadobahia.com.br\/index.php?rest_route=\/wp\/v2\/types\/post"}],"author":[{"embeddable":true,"href":"https:\/\/correiodoestadobahia.com.br\/index.php?rest_route=\/wp\/v2\/users\/1"}],"replies":[{"embeddable":true,"href":"https:\/\/correiodoestadobahia.com.br\/index.php?rest_route=%2Fwp%2Fv2%2Fcomments&post=18130"}],"version-history":[{"count":1,"href":"https:\/\/correiodoestadobahia.com.br\/index.php?rest_route=\/wp\/v2\/posts\/18130\/revisions"}],"predecessor-version":[{"id":18131,"href":"https:\/\/correiodoestadobahia.com.br\/index.php?rest_route=\/wp\/v2\/posts\/18130\/revisions\/18131"}],"wp:featuredmedia":[{"embeddable":true,"href":"https:\/\/correiodoestadobahia.com.br\/index.php?rest_route=\/wp\/v2\/media\/15775"}],"wp:attachment":[{"href":"https:\/\/correiodoestadobahia.com.br\/index.php?rest_route=%2Fwp%2Fv2%2Fmedia&parent=18130"}],"wp:term":[{"taxonomy":"category","embeddable":true,"href":"https:\/\/correiodoestadobahia.com.br\/index.php?rest_route=%2Fwp%2Fv2%2Fcategories&post=18130"},{"taxonomy":"post_tag","embeddable":true,"href":"https:\/\/correiodoestadobahia.com.br\/index.php?rest_route=%2Fwp%2Fv2%2Ftags&post=18130"}],"curies":[{"name":"wp","href":"https:\/\/api.w.org\/{rel}","templated":true}]}}