{"id":18121,"date":"2026-03-11T00:24:00","date_gmt":"2026-03-11T03:24:00","guid":{"rendered":"http:\/\/correiodoestadobahia.com.br\/?p=18121"},"modified":"2026-03-12T00:25:08","modified_gmt":"2026-03-12T03:25:08","slug":"presidente-jonatas-dos-santos-apresenta-propostas-de-mobilidade-urbana-transparencia-e-inclusao-social","status":"publish","type":"post","link":"https:\/\/correiodoestadobahia.com.br\/?p=18121","title":{"rendered":"Presidente Jonatas dos Santos apresenta propostas de mobilidade urbana, transpar\u00eancia e inclus\u00e3o social"},"content":{"rendered":"\n<p>Durante a sess\u00e3o ordin\u00e1ria realizada na manh\u00e3 desta ter\u00e7a-feira (10), no plen\u00e1rio Francist\u00f4nio Alves Pinto da C\u00e2mara Municipal de Teixeira de Freitas, o presidente da Casa, Jonatas dos Santos, utilizou a tribuna para defender uma s\u00e9rie de propostas voltadas ao desenvolvimento urbano, transpar\u00eancia administrativa e inclus\u00e3o social no munic\u00edpio de Teixeira de Freitas.<\/p>\n\n\n\n<p>Entre as mat\u00e9rias apresentadas, o parlamentar destacou a Indica\u00e7\u00e3o n\u00ba 59\/2026, de 4 de mar\u00e7o de 2026, na qual solicita ao Executivo municipal a realiza\u00e7\u00e3o de um importante projeto de mobilidade urbana: a constru\u00e7\u00e3o de um viaduto no cruzamento da Avenida Presidente Get\u00falio Vargas com a Rua Lomanto J\u00fanior e a Avenida S\u00e3o Paulo, local popularmente conhecido como \u201cCruzamento da P\u00e3o Gostoso\u201d. Na proposta, o vereador sugere ainda que o equipamento p\u00fablico receba a denomina\u00e7\u00e3o de Viaduto Adilson Santos Gigante, como forma de homenagem.<\/p>\n\n\n\n<p>Outra mat\u00e9ria apresentada foi a Indica\u00e7\u00e3o n\u00ba 60\/2026, tamb\u00e9m de 4 de mar\u00e7o de 2026, por meio da qual Jonatas dos Santos solicita a reconstru\u00e7\u00e3o do Mercado Municipal Tim\u00f3teo Brito. O projeto sugerido prev\u00ea a constru\u00e7\u00e3o de dois pavimentos, implanta\u00e7\u00e3o de estacionamento subterr\u00e2neo, cria\u00e7\u00e3o de \u00e1rea de conviv\u00eancia e organiza\u00e7\u00e3o de setores espec\u00edficos para confec\u00e7\u00f5es e alimenta\u00e7\u00e3o, visando modernizar o espa\u00e7o e fortalecer o com\u00e9rcio local.<\/p>\n\n\n\n<p>Al\u00e9m das indica\u00e7\u00f5es, o presidente da C\u00e2mara apresentou ao plen\u00e1rio uma s\u00e9rie de projetos de lei de sua autoria, que entraram em tramita\u00e7\u00e3o na Casa. Entre eles est\u00e1 o Projeto de Lei do Legislativo n\u00ba 27\/2026, que institui a Semana Municipal da Cultura Evang\u00e9lica no calend\u00e1rio oficial de eventos do munic\u00edpio.<\/p>\n\n\n\n<p>Outro destaque foi o Projeto de Lei n\u00ba 28\/2026, que torna obrigat\u00f3ria a publica\u00e7\u00e3o na internet de todos os programas sociais do munic\u00edpio, incluindo os crit\u00e9rios de concess\u00e3o e a lista de pessoas atendidas, medida que busca ampliar a transpar\u00eancia na gest\u00e3o p\u00fablica.<\/p>\n\n\n\n<p>Jonatas tamb\u00e9m apresentou o Projeto de Lei n\u00ba 29\/2026, que institui em Teixeira de Freitas a Pol\u00edtica Municipal de Incentivo a Cursos Preparat\u00f3rios, com o objetivo de ampliar oportunidades educacionais para estudantes e candidatos a concursos.<\/p>\n\n\n\n<p>Na \u00e1rea da sa\u00fade, o Projeto de Lei n\u00ba 30\/2026 prop\u00f5e a cria\u00e7\u00e3o da Carteira de Identifica\u00e7\u00e3o da Pessoa com Doen\u00e7a Neopl\u00e1sica Maligna (c\u00e2ncer), garantindo atendimento priorit\u00e1rio em reparti\u00e7\u00f5es p\u00fablicas e privadas no munic\u00edpio.<\/p>\n\n\n\n<p>Outra proposta apresentada foi o Projeto de Lei n\u00ba 31\/2026, que institui a Semana Municipal das Fam\u00edlias At\u00edpicas no calend\u00e1rio oficial de eventos da cidade, visando promover a\u00e7\u00f5es de conscientiza\u00e7\u00e3o e apoio a fam\u00edlias que convivem com pessoas com defici\u00eancia ou condi\u00e7\u00f5es espec\u00edficas de desenvolvimento.<\/p>\n\n\n\n<p>J\u00e1 o Projeto de Lei n\u00ba 32\/2026 disp\u00f5e sobre a obrigatoriedade da presen\u00e7a permanente de profissionais com treinamento em primeiros socorros, padr\u00e3o SAMU e no protocolo PALS (Suporte Avan\u00e7ado de Vida em Pediatria) em institui\u00e7\u00f5es de sa\u00fade e escolas p\u00fablicas e privadas que atendem pessoas com defici\u00eancia no munic\u00edpio.<\/p>\n\n\n\n<p>As indica\u00e7\u00f5es apresentadas foram aprovadas durante a sess\u00e3o, enquanto os projetos de lei seguem agora para an\u00e1lise das comiss\u00f5es permanentes da C\u00e2mara Municipal antes de retornarem ao plen\u00e1rio para discuss\u00e3o e vota\u00e7\u00e3o.<\/p>\n\n\n\n<p>Ao defender suas propostas, o presidente Jonatas dos Santos destacou a import\u00e2ncia de iniciativas que promovam melhorias estruturais na cidade, ampliem a transpar\u00eancia na administra\u00e7\u00e3o p\u00fablica e fortale\u00e7am pol\u00edticas de inclus\u00e3o e prote\u00e7\u00e3o social para a popula\u00e7\u00e3o.<\/p>\n","protected":false},"excerpt":{"rendered":"<div class=\"mh-excerpt\"><p>Durante a sess\u00e3o ordin\u00e1ria realizada na manh\u00e3 desta ter\u00e7a-feira (10), no plen\u00e1rio Francist\u00f4nio Alves Pinto da C\u00e2mara Municipal de Teixeira de Freitas, o presidente da <a class=\"mh-excerpt-more\" href=\"https:\/\/correiodoestadobahia.com.br\/?p=18121\" title=\"Presidente Jonatas dos Santos apresenta propostas de mobilidade urbana, transpar\u00eancia e inclus\u00e3o social\">[&#8230;]<\/a><\/p>\n<\/div>","protected":false},"author":1,"featured_media":15775,"comment_status":"open","ping_status":"open","sticky":false,"template":"","format":"standard","meta":[],"categories":[7],"tags":[],"jetpack_featured_media_url":"https:\/\/correiodoestadobahia.com.br\/wp-content\/uploads\/2025\/02\/jonatassantos.jpg","_links":{"self":[{"href":"https:\/\/correiodoestadobahia.com.br\/index.php?rest_route=\/wp\/v2\/posts\/18121"}],"collection":[{"href":"https:\/\/correiodoestadobahia.com.br\/index.php?rest_route=\/wp\/v2\/posts"}],"about":[{"href":"https:\/\/correiodoestadobahia.com.br\/index.php?rest_route=\/wp\/v2\/types\/post"}],"author":[{"embeddable":true,"href":"https:\/\/correiodoestadobahia.com.br\/index.php?rest_route=\/wp\/v2\/users\/1"}],"replies":[{"embeddable":true,"href":"https:\/\/correiodoestadobahia.com.br\/index.php?rest_route=%2Fwp%2Fv2%2Fcomments&post=18121"}],"version-history":[{"count":1,"href":"https:\/\/correiodoestadobahia.com.br\/index.php?rest_route=\/wp\/v2\/posts\/18121\/revisions"}],"predecessor-version":[{"id":18122,"href":"https:\/\/correiodoestadobahia.com.br\/index.php?rest_route=\/wp\/v2\/posts\/18121\/revisions\/18122"}],"wp:featuredmedia":[{"embeddable":true,"href":"https:\/\/correiodoestadobahia.com.br\/index.php?rest_route=\/wp\/v2\/media\/15775"}],"wp:attachment":[{"href":"https:\/\/correiodoestadobahia.com.br\/index.php?rest_route=%2Fwp%2Fv2%2Fmedia&parent=18121"}],"wp:term":[{"taxonomy":"category","embeddable":true,"href":"https:\/\/correiodoestadobahia.com.br\/index.php?rest_route=%2Fwp%2Fv2%2Fcategories&post=18121"},{"taxonomy":"post_tag","embeddable":true,"href":"https:\/\/correiodoestadobahia.com.br\/index.php?rest_route=%2Fwp%2Fv2%2Ftags&post=18121"}],"curies":[{"name":"wp","href":"https:\/\/api.w.org\/{rel}","templated":true}]}}