{"id":18119,"date":"2026-03-12T00:24:28","date_gmt":"2026-03-12T03:24:28","guid":{"rendered":"http:\/\/correiodoestadobahia.com.br\/?p=18119"},"modified":"2026-03-12T00:24:29","modified_gmt":"2026-03-12T03:24:29","slug":"joris-de-gel-defende-pauta-ambiental-e-homenagem-a-lider-religioso-durante-sessao-da-camara","status":"publish","type":"post","link":"https:\/\/correiodoestadobahia.com.br\/?p=18119","title":{"rendered":"Joris de Gel defende pauta ambiental e homenagem a l\u00edder religioso durante sess\u00e3o da C\u00e2mara"},"content":{"rendered":"\n<p>Durante a sess\u00e3o ordin\u00e1ria realizada na manh\u00e3 desta ter\u00e7a-feira (10), no plen\u00e1rio Francist\u00f4nio Alves Pinto da C\u00e2mara Municipal de Teixeira de Freitas, o vereador Joris Bento Xavier, conhecido como Joris de Gel, utilizou a tribuna para defender propostas apresentadas ao plen\u00e1rio, abordando temas relacionados ao meio ambiente e ao reconhecimento de lideran\u00e7as comunit\u00e1rias em Teixeira de Freitas.<\/p>\n\n\n\n<p>Entre as mat\u00e9rias apresentadas, o parlamentar destacou o Requerimento n\u00ba 01\/2026, protocolado em 5 de mar\u00e7o de 2026, de autoria conjunta dos vereadores Jo\u00e3o Alves de Alc\u00e2ntara, Bruno Santos Barbosa, Joris Bento Xavier, Ailton da Cruz Pereira, Jucelio da Concei\u00e7\u00e3o da Silva, Simara Rodrigues Soares e Claudio Pereira de Oliveira. A proposta solicita a institui\u00e7\u00e3o da Frente Parlamentar das Mudan\u00e7as Clim\u00e1ticas no \u00e2mbito do Legislativo municipal, com o objetivo de fomentar debates, estudos e a\u00e7\u00f5es voltadas aos desafios ambientais e aos impactos das mudan\u00e7as clim\u00e1ticas no munic\u00edpio.<\/p>\n\n\n\n<p>Al\u00e9m disso, Joris de Gel apresentou ao plen\u00e1rio a Mo\u00e7\u00e3o de Congratula\u00e7\u00e3o n\u00ba 07\/2026, de 3 de mar\u00e7o de 2026, de autoria conjunta com o presidente da C\u00e2mara, Jonatas dos Santos, destinada ao Padre Emanoel Silva, em reconhecimento aos relevantes servi\u00e7os prestados pelo l\u00edder religioso \u00e0 comunidade de Teixeira de Freitas.<\/p>\n\n\n\n<p>Durante sua manifesta\u00e7\u00e3o, o vereador ressaltou a import\u00e2ncia de iniciativas que incentivem a discuss\u00e3o sobre sustentabilidade e preserva\u00e7\u00e3o ambiental, bem como a valoriza\u00e7\u00e3o de pessoas que contribuem significativamente para o desenvolvimento social e espiritual da popula\u00e7\u00e3o.<\/p>\n\n\n\n<p>As proposi\u00e7\u00f5es foram debatidas em plen\u00e1rio e aprovadas por unanimidade pelos vereadores presentes, seguindo agora os tr\u00e2mites regimentais da Casa Legislativa.<\/p>\n","protected":false},"excerpt":{"rendered":"<div class=\"mh-excerpt\"><p>Durante a sess\u00e3o ordin\u00e1ria realizada na manh\u00e3 desta ter\u00e7a-feira (10), no plen\u00e1rio Francist\u00f4nio Alves Pinto da C\u00e2mara Municipal de Teixeira de Freitas, o vereador Joris <a class=\"mh-excerpt-more\" href=\"https:\/\/correiodoestadobahia.com.br\/?p=18119\" title=\"Joris de Gel defende pauta ambiental e homenagem a l\u00edder religioso durante sess\u00e3o da C\u00e2mara\">[&#8230;]<\/a><\/p>\n<\/div>","protected":false},"author":1,"featured_media":15756,"comment_status":"open","ping_status":"open","sticky":false,"template":"","format":"standard","meta":[],"categories":[7],"tags":[],"jetpack_featured_media_url":"https:\/\/correiodoestadobahia.com.br\/wp-content\/uploads\/2025\/02\/jorisdegel.jpg","_links":{"self":[{"href":"https:\/\/correiodoestadobahia.com.br\/index.php?rest_route=\/wp\/v2\/posts\/18119"}],"collection":[{"href":"https:\/\/correiodoestadobahia.com.br\/index.php?rest_route=\/wp\/v2\/posts"}],"about":[{"href":"https:\/\/correiodoestadobahia.com.br\/index.php?rest_route=\/wp\/v2\/types\/post"}],"author":[{"embeddable":true,"href":"https:\/\/correiodoestadobahia.com.br\/index.php?rest_route=\/wp\/v2\/users\/1"}],"replies":[{"embeddable":true,"href":"https:\/\/correiodoestadobahia.com.br\/index.php?rest_route=%2Fwp%2Fv2%2Fcomments&post=18119"}],"version-history":[{"count":1,"href":"https:\/\/correiodoestadobahia.com.br\/index.php?rest_route=\/wp\/v2\/posts\/18119\/revisions"}],"predecessor-version":[{"id":18120,"href":"https:\/\/correiodoestadobahia.com.br\/index.php?rest_route=\/wp\/v2\/posts\/18119\/revisions\/18120"}],"wp:featuredmedia":[{"embeddable":true,"href":"https:\/\/correiodoestadobahia.com.br\/index.php?rest_route=\/wp\/v2\/media\/15756"}],"wp:attachment":[{"href":"https:\/\/correiodoestadobahia.com.br\/index.php?rest_route=%2Fwp%2Fv2%2Fmedia&parent=18119"}],"wp:term":[{"taxonomy":"category","embeddable":true,"href":"https:\/\/correiodoestadobahia.com.br\/index.php?rest_route=%2Fwp%2Fv2%2Fcategories&post=18119"},{"taxonomy":"post_tag","embeddable":true,"href":"https:\/\/correiodoestadobahia.com.br\/index.php?rest_route=%2Fwp%2Fv2%2Ftags&post=18119"}],"curies":[{"name":"wp","href":"https:\/\/api.w.org\/{rel}","templated":true}]}}