{"id":18104,"date":"2026-03-06T21:55:47","date_gmt":"2026-03-07T00:55:47","guid":{"rendered":"http:\/\/correiodoestadobahia.com.br\/?p=18104"},"modified":"2026-03-06T21:55:48","modified_gmt":"2026-03-07T00:55:48","slug":"bastidores-da-politica-partidos-articulam-possivel-candidatura-de-eujacio-dantas-a-deputado-estadual-2","status":"publish","type":"post","link":"https:\/\/correiodoestadobahia.com.br\/?p=18104","title":{"rendered":"Bastidores da pol\u00edtica: partidos articulam poss\u00edvel candidatura de Euj\u00e1cio Dantas a deputado estadual"},"content":{"rendered":"\n<p>O cen\u00e1rio pol\u00edtico do extremo sul da Bahia j\u00e1 come\u00e7a a apresentar movimenta\u00e7\u00f5es nos bastidores com vistas \u00e0s elei\u00e7\u00f5es estaduais de 2026. Entre os nomes que v\u00eam ganhando destaque nas articula\u00e7\u00f5es partid\u00e1rias est\u00e1 o do administrador de empresas, ex-secret\u00e1rio municipal de Sa\u00fade e ex-candidato a prefeito de Teixeira de Freitas, Euj\u00e1cio Samuel Dantas de Oliveira (PSD).<\/p>\n\n\n\n<p>Embora ainda n\u00e3o haja an\u00fancio oficial de candidatura, lideran\u00e7as pol\u00edticas da regi\u00e3o e dirigentes partid\u00e1rios j\u00e1 come\u00e7am a tratar o nome de Euj\u00e1cio Dantas como uma poss\u00edvel alternativa para disputar uma vaga na Assembleia Legislativa da Bahia (ALBA), representando os interesses do territ\u00f3rio extremo-sulista.<\/p>\n\n\n\n<p>Nos bastidores, a movimenta\u00e7\u00e3o em torno do ex-candidato a prefeito tem chamado aten\u00e7\u00e3o. Informa\u00e7\u00f5es apuradas indicam que diferentes partidos t\u00eam realizado sondagens e incentivado Euj\u00e1cio Dantas a entrar na disputa como pr\u00e9-candidato a deputado estadual. A avalia\u00e7\u00e3o de interlocutores pol\u00edticos \u00e9 de que ele acumulou capital pol\u00edtico significativo ap\u00f3s sua participa\u00e7\u00e3o nas \u00faltimas elei\u00e7\u00f5es municipais em Teixeira de Freitas, al\u00e9m de manter di\u00e1logo com diversos segmentos sociais e administrativos da regi\u00e3o.<\/p>\n\n\n\n<p>Dentro do pr\u00f3prio PSD, legenda \u00e0 qual \u00e9 filiado, aliados defendem o seu nome como uma alternativa competitiva para fortalecer a representatividade pol\u00edtica do extremo sul na Assembleia Legislativa. Ao mesmo tempo, outras siglas tamb\u00e9m demonstram interesse, especialmente partidos de centro e da direita, que veem em seu perfil t\u00e9cnico-administrativo um diferencial para o debate pol\u00edtico estadual.<\/p>\n\n\n\n<p>Procurado pela reportagem, Euj\u00e1cio Dantas confirmou que tem recebido convites de diferentes partidos interessados em sua participa\u00e7\u00e3o na disputa eleitoral. Apesar das sondagens, ele afirmou que ainda n\u00e3o tomou uma decis\u00e3o definitiva e que est\u00e1 avaliando o cen\u00e1rio pol\u00edtico com cautela.<\/p>\n\n\n\n<p>Segundo ele, o momento exige an\u00e1lise estrat\u00e9gica sobre alian\u00e7as, viabilidade eleitoral e as condi\u00e7\u00f5es necess\u00e1rias para a constru\u00e7\u00e3o de um projeto pol\u00edtico s\u00f3lido que represente os interesses do extremo sul da Bahia.<\/p>\n\n\n\n<figure class=\"wp-block-image\"><img src=\"https:\/\/teixeiranews.com.br\/wp-content\/uploads\/2023\/09\/Eujacio-01.jpg\" alt=\"Euj\u00e1cio Dantas ser\u00e1 o candidato do PSD em Teixeira de Freitas, assegura Otto Alencar\"\/><\/figure>\n","protected":false},"excerpt":{"rendered":"<div class=\"mh-excerpt\"><p>O cen\u00e1rio pol\u00edtico do extremo sul da Bahia j\u00e1 come\u00e7a a apresentar movimenta\u00e7\u00f5es nos bastidores com vistas \u00e0s elei\u00e7\u00f5es estaduais de 2026. Entre os nomes <a class=\"mh-excerpt-more\" href=\"https:\/\/correiodoestadobahia.com.br\/?p=18104\" title=\"Bastidores da pol\u00edtica: partidos articulam poss\u00edvel candidatura de Euj\u00e1cio Dantas a deputado estadual\">[&#8230;]<\/a><\/p>\n<\/div>","protected":false},"author":1,"featured_media":18105,"comment_status":"open","ping_status":"open","sticky":false,"template":"","format":"standard","meta":[],"categories":[7],"tags":[],"jetpack_featured_media_url":"https:\/\/correiodoestadobahia.com.br\/wp-content\/uploads\/2026\/03\/eujacio.jpg","_links":{"self":[{"href":"https:\/\/correiodoestadobahia.com.br\/index.php?rest_route=\/wp\/v2\/posts\/18104"}],"collection":[{"href":"https:\/\/correiodoestadobahia.com.br\/index.php?rest_route=\/wp\/v2\/posts"}],"about":[{"href":"https:\/\/correiodoestadobahia.com.br\/index.php?rest_route=\/wp\/v2\/types\/post"}],"author":[{"embeddable":true,"href":"https:\/\/correiodoestadobahia.com.br\/index.php?rest_route=\/wp\/v2\/users\/1"}],"replies":[{"embeddable":true,"href":"https:\/\/correiodoestadobahia.com.br\/index.php?rest_route=%2Fwp%2Fv2%2Fcomments&post=18104"}],"version-history":[{"count":1,"href":"https:\/\/correiodoestadobahia.com.br\/index.php?rest_route=\/wp\/v2\/posts\/18104\/revisions"}],"predecessor-version":[{"id":18106,"href":"https:\/\/correiodoestadobahia.com.br\/index.php?rest_route=\/wp\/v2\/posts\/18104\/revisions\/18106"}],"wp:featuredmedia":[{"embeddable":true,"href":"https:\/\/correiodoestadobahia.com.br\/index.php?rest_route=\/wp\/v2\/media\/18105"}],"wp:attachment":[{"href":"https:\/\/correiodoestadobahia.com.br\/index.php?rest_route=%2Fwp%2Fv2%2Fmedia&parent=18104"}],"wp:term":[{"taxonomy":"category","embeddable":true,"href":"https:\/\/correiodoestadobahia.com.br\/index.php?rest_route=%2Fwp%2Fv2%2Fcategories&post=18104"},{"taxonomy":"post_tag","embeddable":true,"href":"https:\/\/correiodoestadobahia.com.br\/index.php?rest_route=%2Fwp%2Fv2%2Ftags&post=18104"}],"curies":[{"name":"wp","href":"https:\/\/api.w.org\/{rel}","templated":true}]}}