{"id":18093,"date":"2026-03-04T05:40:00","date_gmt":"2026-03-04T08:40:00","guid":{"rendered":"http:\/\/correiodoestadobahia.com.br\/?p=18093"},"modified":"2026-03-06T21:41:47","modified_gmt":"2026-03-07T00:41:47","slug":"inadimplencia-de-aluguel-na-bahia-tem-quarta-queda-consecutiva","status":"publish","type":"post","link":"https:\/\/correiodoestadobahia.com.br\/?p=18093","title":{"rendered":"Inadimpl\u00eancia de aluguel na Bahia tem quarta queda consecutiva"},"content":{"rendered":"\n<p>A inadimpl\u00eancia de aluguel na Bahia registrou a quarta queda consecutiva, saindo de 5,53% em dezembro para 5,13% no per\u00edodo, com varia\u00e7\u00e3o de 0,40 ponto percentual. J\u00e1 no comparativo com o mesmo per\u00edodo de 2025 (5,69%), houve diminui\u00e7\u00e3o de 0,56 ponto percentual. Apesar da redu\u00e7\u00e3o, o \u00edndice no estado ficou acima da m\u00e9dia nacional, que foi de 3,29%. Os dados s\u00e3o do \u00cdndice de Inadimpl\u00eancia Locat\u00edcia da&nbsp;<a href=\"https:\/\/superlogica.com\/\" target=\"_blank\" rel=\"noreferrer noopener\">Superl\u00f3gica<\/a>, principal plataforma de solu\u00e7\u00f5es tecnol\u00f3gicas e financeiras para os mercados condominial e imobili\u00e1rio no pa\u00eds.<\/p>\n\n\n\n<p>Segundo Manoel Gon\u00e7alves, Diretor de Neg\u00f3cios para Imobili\u00e1rias da Superl\u00f3gica, \u201ca queda \u00e9 positiva, entretanto, \u00e9 preciso ter cautela, pois fatores como infla\u00e7\u00e3o e juros continuam pressionando os gastos fixos, e qualquer mudan\u00e7a nesses indicadores pode impactar a capacidade de pagamento dos locat\u00e1rios nos pr\u00f3ximos meses&#8221;.<\/p>\n\n\n\n<p>Em janeiro, a regi\u00e3o&nbsp;<strong>Norte<\/strong>&nbsp;voltou ao topo do ranking de inadimpl\u00eancia, com uma taxa de 4,03%, enquanto o&nbsp;<strong>Nordeste<\/strong>, no topo desde junho de 2025<strong>,<\/strong>&nbsp;inicia 2026 em segundo lugar, com 3,96% &#8211; uma diminui\u00e7\u00e3o de 1,27 ponto percentual, ante 5,23% de dezembro. A regi\u00e3o&nbsp;<strong>Centro-Oeste<\/strong>&nbsp;marca o terceiro lugar com 3,28%, um recuo de 0,25 ponto percentual, ap\u00f3s 3,53% do m\u00eas anterior. O&nbsp;<strong>Sudeste<\/strong>&nbsp;aparece em seguida, com taxa de 3,16% \u2013 leve aumento de 0,01 ponto percentual em rela\u00e7\u00e3o a dezembro (3,15%) \u2013, e o&nbsp;<strong>Sul<\/strong>&nbsp;com 2,46%, mantendo a menor taxa do pa\u00eds, tamb\u00e9m com queda de 0,22 ponto percentual em rela\u00e7\u00e3o ao m\u00eas anterior (2,68%).<\/p>\n\n\n\n<p>Na regi\u00e3o Nordeste, os im\u00f3veis comerciais lideram a inadimpl\u00eancia de aluguel, com 6,90% em janeiro, ap\u00f3s um aumento de 1,64 ponto percentual em rela\u00e7\u00e3o a dezembro (8,54%). Em seguida, aparecem as casas, com 4,74% &#8211; diminui\u00e7\u00e3o de 1,92 ponto percentual frente aos 6,66% do m\u00eas anterior &#8211; e a inadimpl\u00eancia de apartamentos teve queda de 2,66%, em dezembro, para 2,14%, em janeiro.<\/p>\n\n\n\n<p>No cen\u00e1rio nacional, a inadimpl\u00eancia em im\u00f3veis residenciais de alta renda (na faixa de aluguel acima de R$ 13.000), que esteve no topo das taxas mais altas durante 2025, teve queda expressiva de 1,27 ponto percentual, em janeiro, com m\u00e9dia de 4,77% contra 6,04%, em dezembro. Com este recuo, os im\u00f3veis na faixa de at\u00e9 R$ 1.000 registraram a maior taxa no per\u00edodo no segmento residencial, apesar de uma redu\u00e7\u00e3o de 0,13 ponto percentual, saindo de 5,89% para 5,76%, em janeiro. A inadimpl\u00eancia de im\u00f3veis de R$ 3.000 a R$ 5.000 e R$ 2.000 a R$ 3.000 foram as mais baixas, com taxas de 1,76% e 1,82%, respectivamente.<\/p>\n\n\n\n<p>\u201cApesar da queda na inadimpl\u00eancia na faixa de at\u00e9 R$ 1.000, essa categoria teve a maior taxa em janeiro, o que pode indicar um aperto maior neste in\u00edcio de ano para as fam\u00edlias de menor renda. Ainda \u00e9 cedo para cravar uma tend\u00eancia: ser\u00e1 preciso acompanhar os pr\u00f3ximos meses para entender se \u00e9 um movimento pontual, especialmente porque, ao longo de 2025, a faixa acima de R$ 13.000 concentrou os maiores n\u00edveis de inadimpl\u00eancia\u201d, analisa Gon\u00e7alves.<\/p>\n\n\n\n<p>J\u00e1 em rela\u00e7\u00e3o aos im\u00f3veis comerciais, a faixa at\u00e9 R$ 1.000 continua com a maior taxa, de 7,22%, mas teve redu\u00e7\u00e3o expressiva de 0,84 ponto percentual na compara\u00e7\u00e3o com o m\u00eas anterior (8,06%). A segunda maior taxa foi em im\u00f3veis acima de R$ 13.000, com 5,48%. J\u00e1 a menor foi na faixa de R$ 2.000 a R$ 3.000, de 3,78%.<\/p>\n\n\n\n<p>Em rela\u00e7\u00e3o ao tipo de im\u00f3vel, a taxa de inadimpl\u00eancia de apartamentos caiu pela terceira vez seguida, para 2,15%, ap\u00f3s alcan\u00e7ar 2,23% em dezembro; a de casas teve queda de 3,74% para 3,54%. Os im\u00f3veis comerciais tamb\u00e9m apresentaram recuo, de 4,65% de inadimpl\u00eancia, em dezembro, para 4,46%, no \u00faltimo m\u00eas.<\/p>\n\n\n\n<p><strong>Principais dados do \u00cdndice de Inadimpl\u00eancia Superl\u00f3gica:<\/strong><\/p>\n\n\n\n<figure class=\"wp-block-image\"><img src=\"https:\/\/ci3.googleusercontent.com\/meips\/ADKq_NaQxmWKy2eJ8ftgBFs5DDhjioMmt9fYRMLKO21dVnmQyXtSJh7iYuYqJvxclwwtsgBVyAxFnOEjDFeKm4YgB3GY9-w-nYVHo5cW4G7fIDXyhJBpy1nZnkSachyYPQBYfNRjQcGsjg5etCyEpOqmW7U-PDArjAgRsU_GLl4yTwOPGRxPsqF_LS6XRb_Sj0eMkB22GnuOLO0RMQRsHpRo=s0-d-e1-ft#https:\/\/files.pressmanager.net\/clientes\/c70a92f0abb0a029940c88856fa030b8\/imagens\/2026\/03\/03\/86854c8f13a2f39e1ef49aac1c866867_medium.jpg\" alt=\"\"\/><\/figure>\n\n\n\n<figure class=\"wp-block-image\"><img src=\"https:\/\/ci3.googleusercontent.com\/meips\/ADKq_NY183r1DCGDFdK7-5AJjocMmyE6cj7lE67CC1jblmN4RafjU8zMSpXZHj2h6n5ISUJ1--oUuoFPHI_1Ik7Tpl2yrqdP5kLiI-fbkjUv3IbFJxVYQjyFxupG-SqAdiCSHY6Bae28BcmOTQQC5WstQwcGN9g1g2Vb5AZOwxRzuvrh4t9BUsFVmWmeAHmY2GBM2yN2ZyfCfEOFdBoLxZrb=s0-d-e1-ft#https:\/\/files.pressmanager.net\/clientes\/c70a92f0abb0a029940c88856fa030b8\/imagens\/2026\/03\/03\/fcaa45a21776f8c8c23c772ae4d5fc6e_medium.jpg\" alt=\"\"\/><\/figure>\n\n\n\n<figure class=\"wp-block-image\"><img src=\"https:\/\/ci3.googleusercontent.com\/meips\/ADKq_NZyw-EgB-UIuW3No7EZic4p8fKtFlyVDOryDGhL6CPqAkecxAPqUB6ZFcES4L8GDaIEgX0EEyyiLSPKj3byRWEcHgakYT5KVQuQYPIgOtTCQpj3Mq9K0eK8_9v6vtwfbFX_XoJMIiudUMyaPpv5YGenuoSWN6b5M8CTmSwtOPVcWnnNIW5Zn21gsJIKrIt-CjISJHKZF7cP9n3wrIpa=s0-d-e1-ft#https:\/\/files.pressmanager.net\/clientes\/c70a92f0abb0a029940c88856fa030b8\/imagens\/2026\/03\/03\/9c3384d58a0d7a17aa405684a4d54f65_medium.jpg\" alt=\"\"\/><\/figure>\n\n\n\n<figure class=\"wp-block-image\"><img src=\"https:\/\/ci3.googleusercontent.com\/meips\/ADKq_NYm5NBztnV_17ZI5EDeI0KEJyo6VP15JvnFeHjULVuBpdw8DMWMFT4f4N3F0bxC0i_b_Z9TSKAkDYuvxi6ofoHL2MKgo0nsF6n9eSGtAwGtDzajpsknG5a1F3DeNbKBitgeA546Hed8vDK8zK-k0IAbYvbbnYboUzgPo1Q10C9sdpTvtfbA4GvJ6j1uMyEA2lq_iPIEY72x47yR4lvd=s0-d-e1-ft#https:\/\/files.pressmanager.net\/clientes\/c70a92f0abb0a029940c88856fa030b8\/imagens\/2026\/03\/03\/65e141abfd1e8aa9bfb8b32f3bc69b2f_medium.jpg\" alt=\"\"\/><\/figure>\n","protected":false},"excerpt":{"rendered":"<div class=\"mh-excerpt\"><p>A inadimpl\u00eancia de aluguel na Bahia registrou a quarta queda consecutiva, saindo de 5,53% em dezembro para 5,13% no per\u00edodo, com varia\u00e7\u00e3o de 0,40 ponto <a class=\"mh-excerpt-more\" href=\"https:\/\/correiodoestadobahia.com.br\/?p=18093\" title=\"Inadimpl\u00eancia de aluguel na Bahia tem quarta queda consecutiva\">[&#8230;]<\/a><\/p>\n<\/div>","protected":false},"author":1,"featured_media":15733,"comment_status":"open","ping_status":"open","sticky":false,"template":"","format":"standard","meta":[],"categories":[5],"tags":[],"jetpack_featured_media_url":"https:\/\/correiodoestadobahia.com.br\/wp-content\/uploads\/2025\/02\/casa.png","_links":{"self":[{"href":"https:\/\/correiodoestadobahia.com.br\/index.php?rest_route=\/wp\/v2\/posts\/18093"}],"collection":[{"href":"https:\/\/correiodoestadobahia.com.br\/index.php?rest_route=\/wp\/v2\/posts"}],"about":[{"href":"https:\/\/correiodoestadobahia.com.br\/index.php?rest_route=\/wp\/v2\/types\/post"}],"author":[{"embeddable":true,"href":"https:\/\/correiodoestadobahia.com.br\/index.php?rest_route=\/wp\/v2\/users\/1"}],"replies":[{"embeddable":true,"href":"https:\/\/correiodoestadobahia.com.br\/index.php?rest_route=%2Fwp%2Fv2%2Fcomments&post=18093"}],"version-history":[{"count":1,"href":"https:\/\/correiodoestadobahia.com.br\/index.php?rest_route=\/wp\/v2\/posts\/18093\/revisions"}],"predecessor-version":[{"id":18094,"href":"https:\/\/correiodoestadobahia.com.br\/index.php?rest_route=\/wp\/v2\/posts\/18093\/revisions\/18094"}],"wp:featuredmedia":[{"embeddable":true,"href":"https:\/\/correiodoestadobahia.com.br\/index.php?rest_route=\/wp\/v2\/media\/15733"}],"wp:attachment":[{"href":"https:\/\/correiodoestadobahia.com.br\/index.php?rest_route=%2Fwp%2Fv2%2Fmedia&parent=18093"}],"wp:term":[{"taxonomy":"category","embeddable":true,"href":"https:\/\/correiodoestadobahia.com.br\/index.php?rest_route=%2Fwp%2Fv2%2Fcategories&post=18093"},{"taxonomy":"post_tag","embeddable":true,"href":"https:\/\/correiodoestadobahia.com.br\/index.php?rest_route=%2Fwp%2Fv2%2Ftags&post=18093"}],"curies":[{"name":"wp","href":"https:\/\/api.w.org\/{rel}","templated":true}]}}