{"id":18090,"date":"2026-03-07T05:38:00","date_gmt":"2026-03-07T08:38:00","guid":{"rendered":"http:\/\/correiodoestadobahia.com.br\/?p=18090"},"modified":"2026-03-06T21:40:17","modified_gmt":"2026-03-07T00:40:17","slug":"projeto-mares-retoma-acoes-de-restauracao-coralinea-e-educacao-ambiental-na-ilha-de-itaparica","status":"publish","type":"post","link":"https:\/\/correiodoestadobahia.com.br\/?p=18090","title":{"rendered":"Projeto Mares retoma a\u00e7\u00f5es de restaura\u00e7\u00e3o coral\u00ednea e Educa\u00e7\u00e3o Ambiental na Ilha de Itaparica"},"content":{"rendered":"\n<p>A restaura\u00e7\u00e3o de recifes de corais na Ilha de Itaparica ganha novo impulso com a retomada, neste m\u00eas de mar\u00e7o, do Projeto Mares, iniciativa da ONG Socioambientalista PR\u00d3-MAR, que conta com a parceria da Petrobras, por meio do Programa Petrobras Socioambiental. Nesta nova etapa, que engloba quatro anos de trabalho, ser\u00e3o cultivadas e implantadas 5 mil col\u00f4nias de&nbsp;<em>Millepora alcicornis,&nbsp;<\/em>esp\u00e9cie nativa conhecida popularmente como Coral-de-Fogo, na \u00c1rea de Prote\u00e7\u00e3o Ambiental Recife das Pina\u00fanas, contribuindo para a restaura\u00e7\u00e3o de um dos ecossistemas mais importantes da regi\u00e3o.<\/p>\n\n\n\n<p>O Projeto Mares trabalha com restaura\u00e7\u00e3o de recifes de corais e amplia agora o trabalho desenvolvido em 2023 e 2024, quando foram realizados o monitoramento e a restaura\u00e7\u00e3o coral\u00ednea em uma \u00e1rea de 1,5 km\u00b2 no recife das Pina\u00fanas, na Ilhota, em Mar Grande, Ilha de Itaparica. Na ocasi\u00e3o, foram cultivadas e implantadas mais de 1,6 mil col\u00f4nias de Coral-de-Fogo no recife, contribuindo para a regenera\u00e7\u00e3o ambiental e para o fortalecimento da biodiversidade marinha.<\/p>\n\n\n\n<p>A nova fase consolida a experi\u00eancia acumulada e amplia o impacto ambiental e social do projeto. Para o coordenador geral, Jos\u00e9 Roberto Pinto, o Z\u00e9 Pescador, a retomada representa mais do que a continuidade de uma a\u00e7\u00e3o t\u00e9cnica. \u201cO Projeto Mares nasce da nossa rela\u00e7\u00e3o hist\u00f3rica com o mar. Restaurar os recifes \u00e9 proteger a vida marinha, garantir alimento, renda e futuro para as comunidades que dependem desse ecossistema. Cada col\u00f4nia implantada \u00e9 um passo na reconstru\u00e7\u00e3o desse patrim\u00f4nio natural\u201d, afirma.<\/p>\n\n\n\n<p>Os recifes de corais, ressalta Z\u00e9 Pescador, desempenham papel fundamental na prote\u00e7\u00e3o da linha de costa, na manuten\u00e7\u00e3o da biodiversidade e no equil\u00edbrio dos ambientes marinhos. \u201cAo investir no cultivo e implanta\u00e7\u00e3o de&nbsp;<em>Millepora alcicornis<\/em>, esp\u00e9cie estruturante para a forma\u00e7\u00e3o recifal, o projeto contribui diretamente para o aumento da complexidade do habitat e para a atra\u00e7\u00e3o de diversas esp\u00e9cies associadas\u201d, diz.<\/p>\n\n\n\n<p>O coordenador cient\u00edfico do projeto, o Bi\u00f3logo Doutor Ricardo Miranda, destaca a import\u00e2ncia do rigor t\u00e9cnico nesta etapa. \u201cEstamos aplicando protocolos de monitoramento que promovem acompanhamento sistematizado da sa\u00fade recifal e das a\u00e7\u00f5es de restaura\u00e7\u00e3o ativa que ampliam a densidade das col\u00f4nias de coral-de-fogo que servem de habitat para diversas outras esp\u00e9cies no recife. A meta de 5 mil col\u00f4nias representa um avan\u00e7o significativo na escala de recupera\u00e7\u00e3o do recife das Pina\u00fanas, ampliando os resultados j\u00e1 alcan\u00e7ados na fase anterior\u201d, ressalta.<\/p>\n\n\n\n<p>Al\u00e9m da frente ambiental, o Projeto Mares mant\u00e9m a Educa\u00e7\u00e3o Ambiental como eixo estruturante. Segundo o professor Geraldo Fonseca, coordenador de Educa\u00e7\u00e3o Ambiental, \u201cNesta segunda fase do Projeto Mares, o trabalho da Educa\u00e7\u00e3o Ambiental \u00e9 continuar a sensibiliza\u00e7\u00e3o junto \u00e0s crian\u00e7as, jovens e adolescentes atrav\u00e9s de forma\u00e7\u00e3o continuada para os gestores e docentes para que dentro curr\u00edculo escolar a cultura oce\u00e2nica seja fortalecida e materializada em a\u00e7\u00f5es concretas de cuidado com a fauna e com flora marinha nesta e nas pr\u00f3ximas gera\u00e7\u00f5es.\u201d<\/p>\n\n\n\n<p>Vale ainda destacar que as a\u00e7\u00f5es do Projeto Mares est\u00e3o alinhadas aos Objetivos de Desenvolvimento Sustent\u00e1vel (ODS) estabelecidos pela Organiza\u00e7\u00e3o das Na\u00e7\u00f5es Unidas, que orientam a\u00e7\u00f5es globais para promover desenvolvimento social, econ\u00f4mico e ambiental de forma integrada. O projeto contribui especialmente para a ODS 14, Vida na \u00c1gua, que busca conservar e usar de forma sustent\u00e1vel os oceanos, mares e recursos marinhos; para a ODS 13, A\u00e7\u00e3o Contra a Mudan\u00e7a Global do Clima, ao fortalecer ecossistemas costeiros que atuam como barreiras naturais e contribuem para a resili\u00eancia clim\u00e1tica; para a ODS 4, Educa\u00e7\u00e3o de Qualidade, ao promover forma\u00e7\u00e3o continuada e inserir a cultura oce\u00e2nica no curr\u00edculo escolar; e para a ODS 8, Trabalho Decente e Crescimento Econ\u00f4mico, ao apoiar comunidades que dependem diretamente dos recursos marinhos.<\/p>\n\n\n\n<p>\u201cCom a amplia\u00e7\u00e3o do n\u00famero de col\u00f4nias cultivadas e implantadas e o fortalecimento das a\u00e7\u00f5es educativas e de monitoramento, o Projeto Mares reafirma seu compromisso com a recupera\u00e7\u00e3o dos recifes de corais, a valoriza\u00e7\u00e3o do conhecimento local e a constru\u00e7\u00e3o de um futuro mais sustent\u00e1vel para a Ilha de Itaparica\u201d, afirma o coordenador geral do Projeto, Z\u00e9 Pescador.<\/p>\n","protected":false},"excerpt":{"rendered":"<div class=\"mh-excerpt\"><p>A restaura\u00e7\u00e3o de recifes de corais na Ilha de Itaparica ganha novo impulso com a retomada, neste m\u00eas de mar\u00e7o, do Projeto Mares, iniciativa da <a class=\"mh-excerpt-more\" href=\"https:\/\/correiodoestadobahia.com.br\/?p=18090\" title=\"Projeto Mares retoma a\u00e7\u00f5es de restaura\u00e7\u00e3o coral\u00ednea e Educa\u00e7\u00e3o Ambiental na Ilha de Itaparica\">[&#8230;]<\/a><\/p>\n<\/div>","protected":false},"author":1,"featured_media":18091,"comment_status":"open","ping_status":"open","sticky":false,"template":"","format":"standard","meta":[],"categories":[1],"tags":[],"jetpack_featured_media_url":"https:\/\/correiodoestadobahia.com.br\/wp-content\/uploads\/2026\/03\/image.png","_links":{"self":[{"href":"https:\/\/correiodoestadobahia.com.br\/index.php?rest_route=\/wp\/v2\/posts\/18090"}],"collection":[{"href":"https:\/\/correiodoestadobahia.com.br\/index.php?rest_route=\/wp\/v2\/posts"}],"about":[{"href":"https:\/\/correiodoestadobahia.com.br\/index.php?rest_route=\/wp\/v2\/types\/post"}],"author":[{"embeddable":true,"href":"https:\/\/correiodoestadobahia.com.br\/index.php?rest_route=\/wp\/v2\/users\/1"}],"replies":[{"embeddable":true,"href":"https:\/\/correiodoestadobahia.com.br\/index.php?rest_route=%2Fwp%2Fv2%2Fcomments&post=18090"}],"version-history":[{"count":1,"href":"https:\/\/correiodoestadobahia.com.br\/index.php?rest_route=\/wp\/v2\/posts\/18090\/revisions"}],"predecessor-version":[{"id":18092,"href":"https:\/\/correiodoestadobahia.com.br\/index.php?rest_route=\/wp\/v2\/posts\/18090\/revisions\/18092"}],"wp:featuredmedia":[{"embeddable":true,"href":"https:\/\/correiodoestadobahia.com.br\/index.php?rest_route=\/wp\/v2\/media\/18091"}],"wp:attachment":[{"href":"https:\/\/correiodoestadobahia.com.br\/index.php?rest_route=%2Fwp%2Fv2%2Fmedia&parent=18090"}],"wp:term":[{"taxonomy":"category","embeddable":true,"href":"https:\/\/correiodoestadobahia.com.br\/index.php?rest_route=%2Fwp%2Fv2%2Fcategories&post=18090"},{"taxonomy":"post_tag","embeddable":true,"href":"https:\/\/correiodoestadobahia.com.br\/index.php?rest_route=%2Fwp%2Fv2%2Ftags&post=18090"}],"curies":[{"name":"wp","href":"https:\/\/api.w.org\/{rel}","templated":true}]}}