{"id":18073,"date":"2026-03-01T23:02:20","date_gmt":"2026-03-02T02:02:20","guid":{"rendered":"http:\/\/correiodoestadobahia.com.br\/?p=18073"},"modified":"2026-03-01T23:02:21","modified_gmt":"2026-03-02T02:02:21","slug":"jornalista-ary-vieira-se-apresenta-a-policia-confirma-disparos-e-alega-legitima-defesa-na-morte-de-thiago-guerra-em-teixeira-de-freitas","status":"publish","type":"post","link":"https:\/\/correiodoestadobahia.com.br\/?p=18073","title":{"rendered":"Jornalista Ary Vieira se apresenta \u00e0 pol\u00edcia, confirma disparos e alega leg\u00edtima defesa na morte de Thiago Guerra em Teixeira de Freitas"},"content":{"rendered":"\n<p>Teixeira de Freitas: O jornalista Ariomar Vieira dos Santos, conhecido como Ary Vieira, figura conhecida em Teixeira de Freitas e regi\u00e3o, apresentou-se voluntariamente \u00e0 Pol\u00edcia Civil no final da tarde deste domingo (1\u00ba), acompanhado de seu advogado, o renomado criminalista Dr. Alex Santiago. Ele \u00e9 o autor dos disparos que resultaram na morte de Thiago Guerra Correia, 40 anos, ocorrida na noite de s\u00e1bado (28) em um posto de combust\u00edvel no Centro da cidade.<\/p>\n\n\n\n<p>Em depoimento ao delegado do SILC\/Pronto Emprego da 8\u00aa COORPIN, Ary detalhou a din\u00e2mica do caso, esclarecendo a motiva\u00e7\u00e3o e as circunst\u00e2ncias que, segundo sua defesa, caracterizam leg\u00edtima defesa.<\/p>\n\n\n\n<figure class=\"wp-block-image\"><img src=\"https:\/\/liberdadenews.com.br\/images\/stories\/policia4\/Resized\/zzzzzzzzzzzzzzzzzzzzzzzzzzzzzzzzzzzzzzzzzzzzzzzzzzzzzzzzzzzzzzzzzzzzzzzzzzzzzzzzzzzzzzzzzzzzzzzzzzzzzzzzoa.jpg\" alt=\"\"\/><\/figure>\n\n\n\n<p>A vers\u00e3o apresentada<\/p>\n\n\n\n<p>De acordo com o relato do jornalista e de seu advogado, Thiago Guerra n\u00e3o aceitava o fim do relacionamento com a ex-companheira, que atualmente mant\u00e9m um relacionamento com Ary Vieira. Na noite do s\u00e1bado, Ary foi at\u00e9 um estabelecimento comercial dentro do posto de combust\u00edvel para buscar um lanche. Ele estacionou sua caminhonete Toyota Hilux preta na Travessa dos Mouros.<\/p>\n\n\n\n<p>Ao chegar, notou que Thiago, que estava no local, dirigiu-se ao seu pr\u00f3prio ve\u00edculo, pegou um fac\u00e3o e, aos gritos e amea\u00e7as, partiu em dire\u00e7\u00e3o \u00e0 caminhonete de Ary. Segundo Ary, Thiago quebrou o vidro do lado do motorista com o fac\u00e3o. Em uma tentativa de defesa pr\u00f3pria e da companheira, que estava no ve\u00edculo, Ary sacou sua pistola calibre .380 e efetuou um primeiro disparo na tentativa de conter o ataque. Thiago, no entanto, teria continuado a agress\u00e3o, momento em que Ary efetuou novos disparos. Ap\u00f3s o ocorrido, bastante nervoso, ele deixou o local e s\u00f3 tomou conhecimento da morte de Thiago por meio de informa\u00e7\u00f5es em redes sociais.<\/p>\n\n\n\n<figure class=\"wp-block-image\"><img src=\"https:\/\/liberdadenews.com.br\/images\/stories\/policia4\/Resized\/zzzzzzzzzzzzzzzzzzzzzzzzzzzzzzzzzzzzzzzzzzzzzzzzzzzzzzzzzzzzzzzzzzzzzzzzzzzzzzzzzzzzzzzzzzzzzzzzzzzzzzzzzzzzzzzzzzzzzzzzzzzzzzzzzzzzzloa.jpg\" alt=\"\"\/><\/figure>\n\n\n\n<p>Provas apresentadas e a defesa<\/p>\n\n\n\n<p>Nossa equipe esteve na sede da 8\u00aa COORPIN e registrou as evid\u00eancias:<\/p>\n\n\n\n<figure class=\"wp-block-image\"><img src=\"https:\/\/liberdadenews.com.br\/images\/stories\/policia4\/Resized\/zzzzzzzzzzzzzzzzzzzzzzzzzzzzzzzzzzzzzzzzzzzzzzzzzzzzzzzzzzzzzzzzzzzzzzzzzzzzzzzzzzzzzzzzzzzzzzzzzzzzzzzzzploa.jpg\" alt=\"\"\/><\/figure>\n\n\n\n<p>* O fac\u00e3o utilizado por Thiago Guerra, que permanecia no interior do ve\u00edculo de Ary.<br>* As marcas do ataque no ve\u00edculo, incluindo o vidro quebrado.<\/p>\n\n\n\n<figure class=\"wp-block-image\"><img src=\"https:\/\/liberdadenews.com.br\/images\/stories\/policia4\/Resized\/zzzzzzzzzzzzzzzzzzzzzzzzzzzzzzzzzzzzzzzzzzzzzzzzzzzzzzzzzzzzzzzzzzzzzzzzzzzzzzzzzzzzzzzzzzzzzzzzzzzzzzzzzzzzzzzzzzzzzzzzzzzzzzzzzzzzzzzzzzzzzzzzzzzzzzzplo.jpg\" alt=\"\"\/><\/figure>\n\n\n\n<p>* As les\u00f5es no bra\u00e7o esquerdo de Ary, que, segundo ele, ainda sente dores dos golpes que recebeu.<\/p>\n\n\n\n<figure class=\"wp-block-image\"><img src=\"https:\/\/liberdadenews.com.br\/images\/stories\/policia4\/Resized\/zzzzzzzzzzzzzzzzzzzzzzzzzzzzzzzzzzzzzzzzzzzzzzzzzzzzzzzzzzzzzzzzzzzzzzzzzzzzzzzzzzzzzzzzzzzzzzzzzzzzzzzzzzzzzzzzzzzzzzzzzzzzzzzzzzzzzzzzzzzzzzzzzzzzzzzzzzzzzzzzzzzzzzzzzzzzzznj.jpg\" alt=\"\"\/><\/figure>\n\n\n\n<p>A arma utilizada nos disparos foi entregue \u00e0 pol\u00edcia. Ary, sua companheira e o ve\u00edculo foram encaminhados ao Departamento de Pol\u00edcia T\u00e9cnica (DPT) para per\u00edcia.<\/p>\n\n\n\n<figure class=\"wp-block-image\"><img src=\"https:\/\/liberdadenews.com.br\/images\/stories\/policia4\/Resized\/zzzzzzzzzzzzzzzzzzzzzzzzzzzzzzzzzzzzzzzzzzzzzzzzzzzzzzzzzzzzzzzzzzzzzzzzzzzzzzzzzzzzzzzzzzzzzzzzzzzzzzzzzzzzzzzzzzzzzzzzzzzzzzzzzzzzzzzzzzzzzzzzzzzzzzzzzzzzzzzlaea.jpg\" alt=\"\"\/><\/figure>\n\n\n\n<p>Em entrevista, o Dr. Alex Santiago foi enf\u00e1tico ao classificar o caso como leg\u00edtima defesa. &#8220;Em anos de atua\u00e7\u00e3o, nunca vi um caso t\u00e3o claro. N\u00e3o gostar\u00edamos de estar aqui, a vida \u00e9 inegoci\u00e1vel. Mas era uma situa\u00e7\u00e3o em que ou Ary se defendia, ou ele e a companheira estariam mortos. As marcas no ve\u00edculo e no corpo dele falam por si. Ele n\u00e3o fugiu, se apresentou e est\u00e1 contribuindo com a investiga\u00e7\u00e3o&#8221;, afirmou o advogado.<\/p>\n\n\n\n<p>Pr\u00f3ximos passos da investiga\u00e7\u00e3o<\/p>\n\n\n\n<p>Ap\u00f3s prestar depoimento e entregar os materiais para per\u00edcia, Ary foi liberado e aguardar\u00e1 os desdobramentos do inqu\u00e9rito policial. A pistola passar\u00e1 por microcompara\u00e7\u00e3o bal\u00edstica com os proj\u00e9teis recolhidos do corpo da v\u00edtima. O fac\u00e3o tamb\u00e9m ser\u00e1 periciado para confronto com as les\u00f5es e danos materiais.<\/p>\n\n\n\n<p>O coordenador da 8\u00aa COORPIN, Ricardo Amaral, confirmou que as investiga\u00e7\u00f5es continuam e que novas informa\u00e7\u00f5es, por enquanto, ser\u00e3o mantidas em sigilo para n\u00e3o comprometer os trabalhos periciais e investigativos.<\/p>\n\n\n\n<figure class=\"wp-block-image\"><img src=\"https:\/\/liberdadenews.com.br\/images\/stories\/policia4\/Resized\/zzzzzzzzzzzzzzzzzzzzzzzzzzzzzzzzzzzzzzzzzzzzzzzzzzzzzzzzzzzzzzzzzzzzzzzzzzzzzzzzzzzzzzzzzzzzzzzzzzzzzzzzzzzzzzzzzzzzzzzzzzzzzzzzzzzzzzzzzzzzzzzzzzzzzzzzzzzzzzzzzmala.jpg\" alt=\"\"\/><\/figure>\n\n\n\n<p>*Via Liberdade News<\/p>\n","protected":false},"excerpt":{"rendered":"<div class=\"mh-excerpt\"><p>Teixeira de Freitas: O jornalista Ariomar Vieira dos Santos, conhecido como Ary Vieira, figura conhecida em Teixeira de Freitas e regi\u00e3o, apresentou-se voluntariamente \u00e0 Pol\u00edcia <a class=\"mh-excerpt-more\" href=\"https:\/\/correiodoestadobahia.com.br\/?p=18073\" title=\"Jornalista Ary Vieira se apresenta \u00e0 pol\u00edcia, confirma disparos e alega leg\u00edtima defesa na morte de Thiago Guerra em Teixeira de Freitas\">[&#8230;]<\/a><\/p>\n<\/div>","protected":false},"author":1,"featured_media":18074,"comment_status":"open","ping_status":"open","sticky":false,"template":"","format":"standard","meta":[],"categories":[1],"tags":[],"jetpack_featured_media_url":"https:\/\/correiodoestadobahia.com.br\/wp-content\/uploads\/2026\/03\/ary.jpg","_links":{"self":[{"href":"https:\/\/correiodoestadobahia.com.br\/index.php?rest_route=\/wp\/v2\/posts\/18073"}],"collection":[{"href":"https:\/\/correiodoestadobahia.com.br\/index.php?rest_route=\/wp\/v2\/posts"}],"about":[{"href":"https:\/\/correiodoestadobahia.com.br\/index.php?rest_route=\/wp\/v2\/types\/post"}],"author":[{"embeddable":true,"href":"https:\/\/correiodoestadobahia.com.br\/index.php?rest_route=\/wp\/v2\/users\/1"}],"replies":[{"embeddable":true,"href":"https:\/\/correiodoestadobahia.com.br\/index.php?rest_route=%2Fwp%2Fv2%2Fcomments&post=18073"}],"version-history":[{"count":1,"href":"https:\/\/correiodoestadobahia.com.br\/index.php?rest_route=\/wp\/v2\/posts\/18073\/revisions"}],"predecessor-version":[{"id":18075,"href":"https:\/\/correiodoestadobahia.com.br\/index.php?rest_route=\/wp\/v2\/posts\/18073\/revisions\/18075"}],"wp:featuredmedia":[{"embeddable":true,"href":"https:\/\/correiodoestadobahia.com.br\/index.php?rest_route=\/wp\/v2\/media\/18074"}],"wp:attachment":[{"href":"https:\/\/correiodoestadobahia.com.br\/index.php?rest_route=%2Fwp%2Fv2%2Fmedia&parent=18073"}],"wp:term":[{"taxonomy":"category","embeddable":true,"href":"https:\/\/correiodoestadobahia.com.br\/index.php?rest_route=%2Fwp%2Fv2%2Fcategories&post=18073"},{"taxonomy":"post_tag","embeddable":true,"href":"https:\/\/correiodoestadobahia.com.br\/index.php?rest_route=%2Fwp%2Fv2%2Ftags&post=18073"}],"curies":[{"name":"wp","href":"https:\/\/api.w.org\/{rel}","templated":true}]}}