{"id":18062,"date":"2026-02-28T18:56:05","date_gmt":"2026-02-28T21:56:05","guid":{"rendered":"http:\/\/correiodoestadobahia.com.br\/?p=18062"},"modified":"2026-02-28T18:38:12","modified_gmt":"2026-02-28T21:38:12","slug":"jerbson-moraes-e-o-sul-da-bahia-a-longa-espera-por-um-nome-que-some-votos-nao-os-divide","status":"publish","type":"post","link":"https:\/\/correiodoestadobahia.com.br\/?p=18062","title":{"rendered":"Jerbson Moraes e o Sul da Bahia: a longa espera por um nome que some votos, n\u00e3o os divide"},"content":{"rendered":"\n<p>H\u00e1 uma m\u00e1xima silenciosa na pol\u00edtica baiana que estrategistas eleitorais repetem entre si como diagn\u00f3stico: o sul do Estado n\u00e3o sofre pela aus\u00eancia de lideran\u00e7as \u2014 sofre pela aus\u00eancia de converg\u00eancia entre elas. A diferen\u00e7a parece sem\u00e2ntica. Produz efeitos devastadores.<\/p>\n\n\n\n<p>Enquanto regi\u00f5es como o oeste e o norte da Bahia aprenderam, ao longo de d\u00e9cadas, a transformar densidade eleitoral em representa\u00e7\u00e3o parlamentar cont\u00ednua, a Costa do Cacau permanece ref\u00e9m de um fen\u00f4meno recorrente: m\u00faltiplas candidaturas competitivas que, em vez de se potencializarem, se neutralizam mutuamente, devolvendo \u00e0 capital o protagonismo pol\u00edtico que Ilh\u00e9us, Itabuna e o litoral sul teriam condi\u00e7\u00f5es objetivas de disputar.<\/p>\n\n\n\n<p>O resultado \u00e9 conhecido: uma das regi\u00f5es economicamente mais relevantes da Bahia segue sub-representada numa Assembleia Legislativa onde seu peso eleitoral n\u00e3o encontra correspond\u00eancia proporcional. \u00c9 nesse contexto \u2014 e n\u00e3o como epis\u00f3dio isolado \u2014 que o nome do advogado e ex-presidente da C\u00e2mara Municipal de Ilh\u00e9us, Jerbson Almeida Moraes, voltou a circular com intensidade crescente nos bastidores pol\u00edticos regionais. N\u00e3o como especula\u00e7\u00e3o passageira, mas como resposta poss\u00edvel a um vazio pol\u00edtico que o eleitorado da regi\u00e3o h\u00e1 anos percebe, mesmo sem ainda saber nome\u00e1-lo.<\/p>\n\n\n\n<p><strong>O PERFIL QUE A POL\u00cdTICA CONTEMPOR\u00c2NEA PASSOU A EXIGIR<\/strong><\/p>\n\n\n\n<p>A emerg\u00eancia do nome de Jerbson Moraes \u2014 Jerbinho, como \u00e9 chamado com familiaridade por aliados, lideran\u00e7as comunit\u00e1rias e operadores pol\u00edticos de toda a Costa do Cacau \u2014 n\u00e3o decorre de circunst\u00e2ncia moment\u00e2nea. \u00c9 o resultado acumulado de d\u00e9cadas de presen\u00e7a institucional que o calend\u00e1rio eleitoral n\u00e3o criou e, por isso mesmo, n\u00e3o pode desfazer.<\/p>\n\n\n\n<p>Advogado com atua\u00e7\u00e3o consolidada em praticamente toda a regi\u00e3o cacaueira \u2014 de Canavieiras a Buerarema, de Una a Uru\u00e7uca, de Itabuna ao litoral sul \u2014, Moraes construiu um tipo espec\u00edfico de capital pol\u00edtico raramente captado pelas pesquisas tradicionais: o reconhecimento territorial pr\u00e9vio. O profissional que circula permanentemente entre munic\u00edpios, tribunais e institui\u00e7\u00f5es p\u00fablicas estabelece v\u00ednculos que campanhas eleitorais dificilmente conseguem produzir artificialmente. Quando chega o per\u00edodo eleitoral, esse capital j\u00e1 est\u00e1 sedimentado \u2014 e o eleitor que conhece Jerbinho do f\u00f3rum, da audi\u00eancia ou da mobiliza\u00e7\u00e3o comunit\u00e1ria carrega essa mem\u00f3ria para a urna.<\/p>\n\n\n\n<p><em>\u201cO candidato que o eleitor j\u00e1 conhece antes da campanha parte com uma vantagem que nenhum marqueteiro consegue replicar em tempo eleitoral\u201d<\/em>.<\/p>\n\n\n\n<p>No plano legislativo, sua passagem pela presid\u00eancia da C\u00e2mara Municipal de Ilh\u00e9us consolidou iniciativas de impacto direto na vida cotidiana. A Lei Municipal n\u00ba 4.112\/2021, que limitou tarifas de esgoto cobradas pela concession\u00e1ria \u2014 medida posteriormente respaldada por inst\u00e2ncias superiores \u2014, e a Lei n\u00ba 3.933\/2018, que exigiu sinaliza\u00e7\u00e3o luminosa pr\u00e9via para radares eletr\u00f4nicos, s\u00e3o frequentemente lembradas como exemplos de legisla\u00e7\u00e3o municipal com efeito pr\u00e1tico imediato. S\u00e3o medidas locais \u2014 mas politicamente decisivas: constroem no eleitorado a percep\u00e7\u00e3o de mandato eficaz, percep\u00e7\u00e3o que costuma migrar naturalmente para disputas de \u00e2mbito estadual.<\/p>\n\n\n\n<p><strong>O C\u00c1LCULO SILENCIOSO DO GOVERNISMO<\/strong><\/p>\n\n\n\n<p>Nos c\u00edrculos que assessoram o governador Jer\u00f4nimo Rodrigues, a eventual candidatura de Jerbinho n\u00e3o \u00e9 analisada sob perspectiva individual. \u00c9 examinada como vari\u00e1vel com potencial de alterar a geometria eleitoral do campo governista no sul da Bahia \u2014 e, por extens\u00e3o, no c\u00e1lculo proporcional de toda a base aliada.<\/p>\n\n\n\n<p>O mecanismo \u00e9 cl\u00e1ssico da pol\u00edtica proporcional brasileira, por\u00e9m frequentemente subestimado fora dos estrategistas de campanha. Candidaturas estaduais com forte enraizamento territorial n\u00e3o disputam apenas suas pr\u00f3prias cadeiras: elas elevam o coeficiente eleitoral de toda a chapa, ampliam a vota\u00e7\u00e3o proporcional do campo aliado e produzem o que t\u00e9cnicos denominam voto casado \u2014 o eleitor que sai de casa mobilizado por um nome regional tende a consolidar, na mesma urna, escolhas alinhadas nas disputas federais.<\/p>\n\n\n\n<p>Nesse cen\u00e1rio, interlocutores pol\u00edticos apontam que lideran\u00e7as federais com presen\u00e7a hist\u00f3rica no interior baiano, como o deputado Paulo Magalh\u00e3es, poderiam ser beneficiadas indiretamente pelo crescimento eleitoral de Moraes na Costa do Cacau. Em termos pr\u00e1ticos: fortalecer Jerbinho pode significar fortalecer simultaneamente toda uma estrutura pol\u00edtica.<\/p>\n\n\n\n<p><strong>A LEGITIMIDADE CONSTRU\u00cdDA FORA DO CALEND\u00c1RIO ELEITORAL<\/strong><\/p>\n\n\n\n<p>H\u00e1 epis\u00f3dios que definem lideran\u00e7as com mais precis\u00e3o do que qualquer curr\u00edculo. O derramamento de \u00f3leo que atingiu o litoral nordestino \u2014 chegando com for\u00e7a devastadora \u00e0s praias, manguezais e comunidades pesqueiras do sul da Bahia \u2014 foi um deles.<\/p>\n\n\n\n<p>Munic\u00edpios como Canavieiras, Una e Mara\u00fa, cuja base econ\u00f4mica depende estruturalmente do turismo e da pesca artesanal, enfrentaram uma crise simult\u00e2nea nas dimens\u00f5es ambiental, econ\u00f4mica e institucional. Em meio \u00e0 desorienta\u00e7\u00e3o das primeiras semanas, com a resposta do poder p\u00fablico morosa e a origem do vazamento ainda contestada, Jerbinho participou das articula\u00e7\u00f5es jur\u00eddicas e institucionais voltadas \u00e0 defesa dos munic\u00edpios e trabalhadores afetados.<\/p>\n\n\n\n<p>Lideran\u00e7as comunit\u00e1rias que acompanharam aquele per\u00edodo recordam sua presen\u00e7a n\u00e3o como a do pol\u00edtico que aparece para a fotografia, mas como a do interlocutor que permaneceu para ajudar a encontrar sa\u00eddas. Essa distin\u00e7\u00e3o \u2014 sutil na narrativa, decisiva no imagin\u00e1rio coletivo \u2014 \u00e9 o tipo de capital simb\u00f3lico que nenhum marqueteiro consegue fabricar. Na pol\u00edtica litor\u00e2nea, onde as mem\u00f3rias de crise se fixam na identidade das comunidades, quem esteve presente no momento cr\u00edtico ocupa um lugar espec\u00edfico na lembran\u00e7a do eleitor.<\/p>\n\n\n\n<p><strong>PSD OU SOLIDARIEDADE? O QUE A ESCOLHA REALMENTE SIGNIFICA<\/strong><\/p>\n\n\n\n<p>Entre todas as perguntas que circulam nos bastidores da Costa do Cacau, a mais recorrente n\u00e3o \u00e9 se Jerbson Moraes candidatar\u00e1 \u2014 \u00e9 por qual partido. E quem a formula com seriedade compreende o que est\u00e1 em jogo.<\/p>\n\n\n\n<p>O sistema proporcional brasileiro pune candidatos competitivos inseridos em chapas inadequadas com uma efici\u00eancia que independe de popularidade individual. De nada vale uma vota\u00e7\u00e3o expressiva se a legenda n\u00e3o alcan\u00e7a o coeficiente m\u00ednimo para participar das sobras, ou se a composi\u00e7\u00e3o da chapa carece da diversidade territorial necess\u00e1ria para maximizar votos em toda a regi\u00e3o. A escolha partid\u00e1ria \u00e9, antes de qualquer outra coisa, uma decis\u00e3o estrat\u00e9gica \u2014 e pode ser a diferen\u00e7a entre eleger e n\u00e3o eleger.<\/p>\n\n\n\n<p>O PSD surge como alternativa natural pelo peso estrutural que mant\u00e9m na Bahia e pela capacidade de acomodar alian\u00e7as amplas sem restri\u00e7\u00f5es ideol\u00f3gicas que limitariam composi\u00e7\u00f5es num campo pol\u00edtico diverso. O partido tem presen\u00e7a municipal consolidada na regi\u00e3o e experi\u00eancia em candidaturas proporcionais competitivas no Estado. O Solidariedade, por sua vez, oferece maleabilidade estrat\u00e9gica e inser\u00e7\u00e3o em munic\u00edpios do interior onde uma candidatura oriunda de Ilh\u00e9us precisaria conquistar votos para al\u00e9m de sua base natural \u2014 caracter\u00edstica relevante num estado em que a vit\u00f3ria proporcional depende da capilaridade territorial, n\u00e3o apenas da for\u00e7a num \u00fanico munic\u00edpio.<\/p>\n\n\n\n<p>Qualquer das duas op\u00e7\u00f5es exige negocia\u00e7\u00e3o \u2014 e negocia\u00e7\u00e3o eleitoral, no Brasil, raramente segue linha reta. O que se pode afirmar \u00e9 que a escolha da legenda ser\u00e1, provavelmente, o momento mais decisivo de todo o processo, anterior at\u00e9 \u00e0 campanha propriamente dita.<\/p>\n\n\n\n<p><strong>O OBST\u00c1CULO ESTRUTURAL: A FRAGMENTA\u00c7\u00c3O QUE O SUL INSISTE EM REPETIR<\/strong><\/p>\n\n\n\n<p>Haveria otimismo excessivo em imaginar que a emerg\u00eancia de um nome forte resolve, por si s\u00f3, o problema hist\u00f3rico da representa\u00e7\u00e3o do sul da Bahia na Assembleia Legislativa. O problema \u00e9 estrutural \u2014 e sua origem n\u00e3o \u00e9 a aus\u00eancia de bons candidatos, mas a incapacidade recorrente de coorden\u00e1-los.<\/p>\n\n\n\n<p>A regi\u00e3o produziu, ao longo das \u00faltimas d\u00e9cadas, parlamentares estaduais com vota\u00e7\u00f5es individualmente expressivas \u2014 suficientes, em cen\u00e1rio coordenado, para garantir representa\u00e7\u00e3o consistente na Assembleia. O que faltou, sistematicamente, foram acordos de n\u00e3o competi\u00e7\u00e3o intrarregional, chapas racionalmente compostas e a disciplina pol\u00edtica necess\u00e1ria para converter for\u00e7a difusa em representa\u00e7\u00e3o concentrada.<\/p>\n\n\n\n<p>Uma eventual candidatura de Jerbinho s\u00f3 alterar\u00e1 esse quadro se vier acompanhada de algo que vai al\u00e9m do esfor\u00e7o individual: um acordo pol\u00edtico mais amplo, capaz de evitar a duplica\u00e7\u00e3o de candidaturas que historicamente devolve ao centro-oeste e ao rec\u00f4ncavo os votos que o sul produz mas desperdi\u00e7a. Esse \u00e9 o verdadeiro teste da candidatura \u2014 e ele se resolve n\u00e3o nas urnas, mas nas conversas que antecedem a campanha.<\/p>\n\n\n\n<p><strong>O SIL\u00caNCIO COMO LINGUAGEM POL\u00cdTICA<\/strong><\/p>\n\n\n\n<p>At\u00e9 o momento, Jerbson Moraes mant\u00e9m sil\u00eancio p\u00fablico sobre qualquer candidatura. Aliados e advers\u00e1rios interpretam a postura da mesma forma: c\u00e1lculo pol\u00edtico consciente.<\/p>\n\n\n\n<p>Na din\u00e2mica eleitoral brasileira, anunciar candidatura cedo demais tem custos precisos. Abre flancos desnecess\u00e1rios, antecipa disputas por espa\u00e7o partid\u00e1rio e pode comprometer alian\u00e7as ainda em forma\u00e7\u00e3o. O sil\u00eancio estrat\u00e9gico \u2014 quando praticado por quem tem trajet\u00f3ria para sustent\u00e1-lo \u2014 funciona como uma forma de manter o debate ativo sem gastar capital pol\u00edtico. Nos bastidores do sul da Bahia, esse c\u00e1lculo \u00e9 percebido. E contribui, paradoxalmente, para manter Jerbinho em circula\u00e7\u00e3o \u2014 o que, em pol\u00edtica, j\u00e1 \u00e9 uma forma ativa de presen\u00e7a.<\/p>\n\n\n\n<p><strong>2026: O ANO CHEGOU, A ENCRUZILHADA TAMB\u00c9M<\/strong><\/p>\n\n\n\n<p>O que est\u00e1 em disputa neste ano eleitoral, para o sul da Bahia, transcende a quest\u00e3o de uma vaga na Assembleia Legislativa. \u00c9 a capacidade da regi\u00e3o de converter seu peso eleitoral em representa\u00e7\u00e3o pol\u00edtica efetiva \u2014 algo que ela tem repetidamente falhado em fazer, n\u00e3o por falta de votos, mas por falta de coordena\u00e7\u00e3o.<\/p>\n\n\n\n<p>Jerbson Moraes surge, por ora, como possibilidade. Mas uma possibilidade que re\u00fane elementos raramente alinhados ao mesmo tempo: trajet\u00f3ria institucional verific\u00e1vel, reconhecimento territorial constru\u00eddo fora do calend\u00e1rio eleitoral, experi\u00eancia legislativa com resultados concretos e um momento pol\u00edtico em que o governismo baiano tem raz\u00f5es estrat\u00e9gicas para fortalecer sua base no sul do Estado.<\/p>\n\n\n\n<p>Se o projeto sair\u00e1 do papel, qual legenda acolher\u00e1 Jerbinho e se a regi\u00e3o ter\u00e1 maturidade pol\u00edtica para coordenar-se em torno de um nome comum s\u00e3o perguntas que o pr\u00f3prio ano eleitoral ainda est\u00e1 respondendo. O que os bastidores j\u00e1 registram \u00e9 que, desta vez, o debate ultrapassou a especula\u00e7\u00e3o de corredor \u2014 e chegou \u00e0s mesas onde decis\u00f5es eleitorais reais costumam ser constru\u00eddas.<\/p>\n\n\n\n<p>Isso, por si s\u00f3, j\u00e1 \u00e9 diferente do que aconteceu nas elei\u00e7\u00f5es anteriores.<\/p>\n\n\n\n<p><\/p>\n","protected":false},"excerpt":{"rendered":"<div class=\"mh-excerpt\"><p>H\u00e1 uma m\u00e1xima silenciosa na pol\u00edtica baiana que estrategistas eleitorais repetem entre si como diagn\u00f3stico: o sul do Estado n\u00e3o sofre pela aus\u00eancia de lideran\u00e7as <a class=\"mh-excerpt-more\" href=\"https:\/\/correiodoestadobahia.com.br\/?p=18062\" title=\"Jerbson Moraes e o Sul da Bahia: a longa espera por um nome que some votos, n\u00e3o os divide\">[&#8230;]<\/a><\/p>\n<\/div>","protected":false},"author":1,"featured_media":18063,"comment_status":"open","ping_status":"open","sticky":false,"template":"","format":"standard","meta":[],"categories":[7],"tags":[],"jetpack_featured_media_url":"https:\/\/correiodoestadobahia.com.br\/wp-content\/uploads\/2026\/02\/jerbinh.jpg","_links":{"self":[{"href":"https:\/\/correiodoestadobahia.com.br\/index.php?rest_route=\/wp\/v2\/posts\/18062"}],"collection":[{"href":"https:\/\/correiodoestadobahia.com.br\/index.php?rest_route=\/wp\/v2\/posts"}],"about":[{"href":"https:\/\/correiodoestadobahia.com.br\/index.php?rest_route=\/wp\/v2\/types\/post"}],"author":[{"embeddable":true,"href":"https:\/\/correiodoestadobahia.com.br\/index.php?rest_route=\/wp\/v2\/users\/1"}],"replies":[{"embeddable":true,"href":"https:\/\/correiodoestadobahia.com.br\/index.php?rest_route=%2Fwp%2Fv2%2Fcomments&post=18062"}],"version-history":[{"count":1,"href":"https:\/\/correiodoestadobahia.com.br\/index.php?rest_route=\/wp\/v2\/posts\/18062\/revisions"}],"predecessor-version":[{"id":18064,"href":"https:\/\/correiodoestadobahia.com.br\/index.php?rest_route=\/wp\/v2\/posts\/18062\/revisions\/18064"}],"wp:featuredmedia":[{"embeddable":true,"href":"https:\/\/correiodoestadobahia.com.br\/index.php?rest_route=\/wp\/v2\/media\/18063"}],"wp:attachment":[{"href":"https:\/\/correiodoestadobahia.com.br\/index.php?rest_route=%2Fwp%2Fv2%2Fmedia&parent=18062"}],"wp:term":[{"taxonomy":"category","embeddable":true,"href":"https:\/\/correiodoestadobahia.com.br\/index.php?rest_route=%2Fwp%2Fv2%2Fcategories&post=18062"},{"taxonomy":"post_tag","embeddable":true,"href":"https:\/\/correiodoestadobahia.com.br\/index.php?rest_route=%2Fwp%2Fv2%2Ftags&post=18062"}],"curies":[{"name":"wp","href":"https:\/\/api.w.org\/{rel}","templated":true}]}}