{"id":13724,"date":"2024-07-26T14:42:01","date_gmt":"2024-07-26T17:42:01","guid":{"rendered":"http:\/\/correiodoestadobahia.com.br\/?p=13724"},"modified":"2024-07-26T14:43:40","modified_gmt":"2024-07-26T17:43:40","slug":"professores-da-ufsb-e-ufg-integram-a-equipe-do-projeto-fortalece-pse","status":"publish","type":"post","link":"https:\/\/correiodoestadobahia.com.br\/?p=13724","title":{"rendered":"Professores da UFSB e UFG integram a equipe do Projeto Fortalece PSE!"},"content":{"rendered":"\n<p>O projeto que tem por objetivo apoiar a implementa\u00e7\u00e3o do Programa Sa\u00fade na Escola &#8211; PSE no Brasil, fortalecendo sua reorganiza\u00e7\u00e3o no contexto interfederativo e da gest\u00e3o participativa, com \u00eanfase na intersetorialidade, na equidade, na participa\u00e7\u00e3o social e no protagonismo juvenil por meio da oferta nos territ\u00f3rios e nas escolas de a\u00e7\u00f5es de Preven\u00e7\u00e3o, Promo\u00e7\u00e3o e Aten\u00e7\u00e3o \u00e0 Sa\u00fade. Para isso, a Universidade Federal de Goi\u00e1s (UFG), em parceria com a Universidade Federal do Sul da Bahia (UFSB), formaram um grupo de trabalho intersetorial com o objetivo de articular servi\u00e7os de Aten\u00e7\u00e3o Prim\u00e1ria \u00e0 Sa\u00fade (APS) em comunidades escolares, por meio do Programa Sa\u00fade na Escola (PSE), com apoio e fomento do Minist\u00e9rio da Educa\u00e7\u00e3o (MEC) e do Minist\u00e9rio da Sa\u00fade (MS).<\/p>\n\n\n\n<p>O Fortalece PSE! \u00e9 uma resposta do governo \u00e0 necessidade de promo\u00e7\u00e3o da sa\u00fade e preven\u00e7\u00e3o de doen\u00e7as entre crian\u00e7as, adolescentes e jovens em idade escolar, com o objetivo de contribuir para a forma\u00e7\u00e3o integral dos estudantes da rede p\u00fablica de educa\u00e7\u00e3o b\u00e1sica, principalmente as escolas priorit\u00e1rias e pertencentes aos ciclos de ades\u00e3o.<\/p>\n\n\n\n<p>Para isso, o Fortalece PSE! \u00c9 composta por uma Coordena\u00e7\u00e3o Executiva, Coordena\u00e7\u00e3o Pedag\u00f3gica, Coordena\u00e7\u00e3o Comunica\u00e7\u00e3o e Tecnologia e o Comit\u00ea Gestor, constitu\u00eddo por uma articula\u00e7\u00e3o interfederativa e intersetorial (MS, MEC, UFG, UFSB). Conta tamb\u00e9m com Articuladores Estaduais, Facilitadores Pedag\u00f3gicos e o N\u00facleo Pedag\u00f3gico integrando a equipe pedag\u00f3gica.<\/p>\n\n\n\n<p>A equipe do Fortalece PSE!, juntamente com as equipes t\u00e9cnicas do Minist\u00e9rio da Educa\u00e7\u00e3o (MEC) e do Minist\u00e9rio da Sa\u00fade (MS), est\u00e3o apoiando a estrutura\u00e7\u00e3o dos Grupos de Trabalhos Intersetoriais (GTI), em n\u00edvel estadual, que acontecer\u00e1 por meio da articula\u00e7\u00e3o e qualifica\u00e7\u00e3o dos gestores do PSE, visando apoiar a reorganiza\u00e7\u00e3o do programa no pa\u00eds. Al\u00e9m disso, visam promover a articula\u00e7\u00e3o e qualifica\u00e7\u00e3o dos GTIs nos munic\u00edpios, com a realiza\u00e7\u00e3o de diagn\u00f3sticos situacionais e planos estrat\u00e9gicos de a\u00e7\u00e3o, visando o planejamento e integra\u00e7\u00e3o das equipes de sa\u00fade e educa\u00e7\u00e3o nas a\u00e7\u00f5es e projetos tem\u00e1ticos do PSE na rede de ensino, escolas e territ\u00f3rios priorit\u00e1rios.<\/p>\n\n\n\n<p>O objetivo \u00e9 fortalecer o protagonismo Juvenil junto ao GTIs dos estados e munic\u00edpios, por meio da forma\u00e7\u00e3o de agentes promotores da Sa\u00fade, da Cultura, da Ci\u00eancia e da Cidadania, que atuar\u00e3o nas escolas e nos territ\u00f3rios, bem como a forma\u00e7\u00e3o de uma rede de Institui\u00e7\u00f5es de Ensino Superior (IES), como forma de integra\u00e7\u00e3o ensino-servi\u00e7o-pesquisa com as a\u00e7\u00f5es intersetoriais do PSE nos territ\u00f3rios.<\/p>\n\n\n\n<p>A primeira meta do projeto refere-se a articula\u00e7\u00e3o e qualifica\u00e7\u00e3o dos 54 gestores\/as, em n\u00edvel estadual do PSE (sa\u00fade e educa\u00e7\u00e3o) dos Grupos de Trabalho Intersetoriais Estaduais (GTI-E), das 27 Unidades Federativas e parceiros da sociedade civil, conselhos de direitos, conselhos de gest\u00e3o (sa\u00fade e educa\u00e7\u00e3o) e especialistas, atrav\u00e9s do Curso de Atualiza\u00e7\u00e3o em Planejamento e Gest\u00e3o do Programa Sa\u00fade na Escola(PSE), que ser\u00e1 ofertado pela UFSB, &nbsp;atrav\u00e9s do Instituto de Humanidades, Artes e Ci\u00eancias do Campus Jorge Amado, como curso de extens\u00e3o, com apoio da PROEX &#8211; Pr\u00f3-Reitoria de Extens\u00e3o e Cultura.<\/p>\n","protected":false},"excerpt":{"rendered":"<div class=\"mh-excerpt\"><p>O projeto que tem por objetivo apoiar a implementa\u00e7\u00e3o do Programa Sa\u00fade na Escola &#8211; PSE no Brasil, fortalecendo sua reorganiza\u00e7\u00e3o no contexto interfederativo e <a class=\"mh-excerpt-more\" href=\"https:\/\/correiodoestadobahia.com.br\/?p=13724\" title=\"Professores da UFSB e UFG integram a equipe do Projeto Fortalece PSE!\">[&#8230;]<\/a><\/p>\n<\/div>","protected":false},"author":1,"featured_media":13726,"comment_status":"open","ping_status":"open","sticky":false,"template":"","format":"standard","meta":[],"categories":[6],"tags":[],"jetpack_featured_media_url":"https:\/\/correiodoestadobahia.com.br\/wp-content\/uploads\/2024\/07\/IMG-20240725-WA0129.jpg","_links":{"self":[{"href":"https:\/\/correiodoestadobahia.com.br\/index.php?rest_route=\/wp\/v2\/posts\/13724"}],"collection":[{"href":"https:\/\/correiodoestadobahia.com.br\/index.php?rest_route=\/wp\/v2\/posts"}],"about":[{"href":"https:\/\/correiodoestadobahia.com.br\/index.php?rest_route=\/wp\/v2\/types\/post"}],"author":[{"embeddable":true,"href":"https:\/\/correiodoestadobahia.com.br\/index.php?rest_route=\/wp\/v2\/users\/1"}],"replies":[{"embeddable":true,"href":"https:\/\/correiodoestadobahia.com.br\/index.php?rest_route=%2Fwp%2Fv2%2Fcomments&post=13724"}],"version-history":[{"count":1,"href":"https:\/\/correiodoestadobahia.com.br\/index.php?rest_route=\/wp\/v2\/posts\/13724\/revisions"}],"predecessor-version":[{"id":13725,"href":"https:\/\/correiodoestadobahia.com.br\/index.php?rest_route=\/wp\/v2\/posts\/13724\/revisions\/13725"}],"wp:featuredmedia":[{"embeddable":true,"href":"https:\/\/correiodoestadobahia.com.br\/index.php?rest_route=\/wp\/v2\/media\/13726"}],"wp:attachment":[{"href":"https:\/\/correiodoestadobahia.com.br\/index.php?rest_route=%2Fwp%2Fv2%2Fmedia&parent=13724"}],"wp:term":[{"taxonomy":"category","embeddable":true,"href":"https:\/\/correiodoestadobahia.com.br\/index.php?rest_route=%2Fwp%2Fv2%2Fcategories&post=13724"},{"taxonomy":"post_tag","embeddable":true,"href":"https:\/\/correiodoestadobahia.com.br\/index.php?rest_route=%2Fwp%2Fv2%2Ftags&post=13724"}],"curies":[{"name":"wp","href":"https:\/\/api.w.org\/{rel}","templated":true}]}}